{"id":1384,"date":"2018-08-30T14:32:40","date_gmt":"2018-08-30T14:32:40","guid":{"rendered":"https:\/\/carlotas.org\/bra\/?p=1384"},"modified":"2023-06-22T14:33:17","modified_gmt":"2023-06-22T14:33:17","slug":"bella-e-caetano-uma-amizade-que-parecia-impossivel-e-agora-e-gigante","status":"publish","type":"post","link":"https:\/\/carlotas.org\/bra\/bella-e-caetano-uma-amizade-que-parecia-impossivel-e-agora-e-gigante\/","title":{"rendered":"Bella e Caetano, uma amizade que parecia imposs\u00edvel e agora \u00e9 gigante!"},"content":{"rendered":"<p>Bella cresceu ouvindo as pessoas dizerem que preferiam cachorros porque gatos eram sinistros, dissimulados, n\u00e3o se apegavam a pessoas, s\u00f3 ao lugar onde moravam. Que cachorros eram fi\u00e9is ao dono, melhor amigo do homem, carinhosos e amorosos.<\/p>\n<p>Assim, seguindo o que aprendeu pelo tanto que ouviu, Bella nunca se aproximou de um gato, nunca se interessou em procurar saber se o que diziam era verdade ou n\u00e3o, simplesmente os ignorava. Os gatos de um lado e ela do outro. Os gatos da vizinhan\u00e7a, tamb\u00e9m, nunca se aproximaram dela, muito provavelmente porque tinha cachorros no quintal.<\/p>\n<p>At\u00e9 que um dia uma amiga trouxe para ela um montinho de pelos, cabia em uma m\u00e3o e lhe disse:<\/p>\n<p>&#8211; Minha gata deu cria e eu n\u00e3o vendo seus filhotes, ofere\u00e7o para pessoas do bem que sei que tratar\u00e3o ele bem, com amor e carinho.<\/p>\n<p>Bella estremeceu por dentro. Um gato ???? Depois desses elogios, como n\u00e3o aceitar? Mas ela tinha o Z\u00e9, um cachorro bab\u00e3o mas que era forte e poderia machucar aquela criatura t\u00e3o pequenina e fr\u00e1gil. Bella n\u00e3o sabia cuidar de gatos, eles fogem, todas as desculpas que buscava para devolver o gatinho se anulavam quando olhava para aquela coisinha peluda de olhos azuis. Ela segurou ele perto do peito, respirou fundo e decidiu adot\u00e1-lo.<\/p>\n<p>O gato cresceu, lindo, carinhoso, amoroso, ganhou um nome, Caetano, ama a fam\u00edlia e at\u00e9 abana o rabo, como o Z\u00e9, quando quer brincar. Quando algu\u00e9m chama seu nome ele aparece ou ouve-se um &#8216;miaaaaaau&#8217; de algum lugar da casa. Acho que ele pensa que \u00e9 cachorro, aprendeu com seu irm\u00e3o Z\u00e9.<\/p>\n<p>Quando Caetano chegou, o Z\u00e9 j\u00e1 era velhinho e h\u00e1 alguns meses ele foi para o c\u00e9u. Caetano agora \u00e9 o \u00fanico filho da Bella e do seu marido. Ele \u00e9 a alegria da casa, o companheiro de todos os momentos. Aonde dona Bella estiver, l\u00e1 est\u00e1 ele, ao seu lado, olhando-a com seus lindos olhos amarelos, sim, os olhinhos azuis do beb\u00ea se transformaram em lindos olhos amarelados.<\/p>\n<h3>Mais importante que tudo \u00e9 aprender que devemos explorar novos pontos de vistas, quebrar paradigmas e n\u00e3o nos deixar levar por conceitos pr\u00e9 formulados. Assim como a Bella, voc\u00ea tamb\u00e9m pode descobrir que algo que acredita n\u00e3o \u00e9 completamente verdade. Cachorros tem, realmente, todos as qualidades que lhe d\u00e3o, mas os gatos tem as deles, que s\u00e3o muitas.<\/h3>\n<p><img fetchpriority=\"high\" decoding=\"async\" class=\"aligncenter wp-image-1386 size-large\" src=\"https:\/\/carlotas.org\/bra\/wp-content\/uploads\/2023\/06\/Bella_--661x1024.png\" alt=\"\" width=\"661\" height=\"1024\" srcset=\"https:\/\/carlotas.org\/bra\/wp-content\/uploads\/2023\/06\/Bella_--661x1024.png 661w, https:\/\/carlotas.org\/bra\/wp-content\/uploads\/2023\/06\/Bella_--194x300.png 194w, https:\/\/carlotas.org\/bra\/wp-content\/uploads\/2023\/06\/Bella_--768x1190.png 768w, https:\/\/carlotas.org\/bra\/wp-content\/uploads\/2023\/06\/Bella_-.png 800w\" sizes=\"(max-width: 661px) 100vw, 661px\" \/><\/p>\n","protected":false},"excerpt":{"rendered":"<p>Bella cresceu ouvindo as pessoas dizerem que preferiam cachorros porque gatos eram sinistros, dissimulados, n\u00e3o se apegavam a pessoas, s\u00f3 ao lugar onde moravam. Que cachorros eram fi\u00e9is ao dono, melhor amigo do homem, carinhosos e amorosos. Assim, seguindo o que aprendeu pelo tanto que ouviu, Bella nunca se aproximou de um gato, nunca se [&hellip;]<\/p>\n","protected":false},"author":12,"featured_media":1385,"comment_status":"closed","ping_status":"closed","sticky":false,"template":"","format":"standard","meta":{"_acf_changed":false,"om_disable_all_campaigns":false,"_monsterinsights_skip_tracking":false,"_monsterinsights_sitenote_active":false,"_monsterinsights_sitenote_note":"","_monsterinsights_sitenote_category":0,"_uf_show_specific_survey":0,"_uf_disable_surveys":false,"footnotes":""},"categories":[12],"tags":[77,58,49],"class_list":["post-1384","post","type-post","status-publish","format-standard","has-post-thumbnail","hentry","category-personagens","tag-bella-e-caetano","tag-isabel-silveira","tag-personagens"],"acf":[],"yoast_head":"<!-- This site is optimized with the Yoast SEO plugin v27.2 - https:\/\/yoast.com\/product\/yoast-seo-wordpress\/ -->\n<title>Bella e Caetano, uma amizade que parecia imposs\u00edvel e agora \u00e9 gigante! - Carlotas<\/title>\n<meta name=\"robots\" content=\"index, follow, max-snippet:-1, max-image-preview:large, max-video-preview:-1\" \/>\n<link rel=\"canonical\" href=\"https:\/\/carlotas.org\/bra\/bella-e-caetano-uma-amizade-que-parecia-impossivel-e-agora-e-gigante\/\" \/>\n<meta property=\"og:locale\" content=\"pt_BR\" \/>\n<meta property=\"og:type\" content=\"article\" \/>\n<meta property=\"og:title\" content=\"Bella e Caetano, uma amizade que parecia imposs\u00edvel e agora \u00e9 gigante! - Carlotas\" \/>\n<meta property=\"og:description\" content=\"Bella cresceu ouvindo as pessoas dizerem que preferiam cachorros porque gatos eram sinistros, dissimulados, n\u00e3o se apegavam a pessoas, s\u00f3 ao lugar onde moravam. Que cachorros eram fi\u00e9is ao dono, melhor amigo do homem, carinhosos e amorosos. Assim, seguindo o que aprendeu pelo tanto que ouviu, Bella nunca se aproximou de um gato, nunca se [&hellip;]\" \/>\n<meta property=\"og:url\" content=\"https:\/\/carlotas.org\/bra\/bella-e-caetano-uma-amizade-que-parecia-impossivel-e-agora-e-gigante\/\" \/>\n<meta property=\"og:site_name\" content=\"Carlotas\" \/>\n<meta property=\"article:publisher\" content=\"https:\/\/www.facebook.com\/carlotasworld\" \/>\n<meta property=\"article:published_time\" content=\"2018-08-30T14:32:40+00:00\" \/>\n<meta property=\"article:modified_time\" content=\"2023-06-22T14:33:17+00:00\" \/>\n<meta property=\"og:image\" content=\"https:\/\/carlotas.org\/bra\/wp-content\/uploads\/2023\/06\/Bella-e-Caetano.jpeg\" \/>\n\t<meta property=\"og:image:width\" content=\"1160\" \/>\n\t<meta property=\"og:image:height\" content=\"450\" \/>\n\t<meta property=\"og:image:type\" content=\"image\/jpeg\" \/>\n<meta name=\"author\" content=\"Isabel Silveira\" \/>\n<meta name=\"twitter:card\" content=\"summary_large_image\" \/>\n<meta name=\"twitter:label1\" content=\"Escrito por\" \/>\n\t<meta name=\"twitter:data1\" content=\"Isabel Silveira\" \/>\n\t<meta name=\"twitter:label2\" content=\"Est. tempo de leitura\" \/>\n\t<meta name=\"twitter:data2\" content=\"2 minutos\" \/>\n<script type=\"application\/ld+json\" class=\"yoast-schema-graph\">{\"@context\":\"https:\/\/schema.org\",\"@graph\":[{\"@type\":\"Article\",\"@id\":\"https:\/\/carlotas.org\/bra\/bella-e-caetano-uma-amizade-que-parecia-impossivel-e-agora-e-gigante\/#article\",\"isPartOf\":{\"@id\":\"https:\/\/carlotas.org\/bra\/bella-e-caetano-uma-amizade-que-parecia-impossivel-e-agora-e-gigante\/\"},\"author\":{\"name\":\"Isabel Silveira\",\"@id\":\"https:\/\/carlotas.org\/bra\/#\/schema\/person\/73f499be89d73457f908526724ad83f5\"},\"headline\":\"Bella e Caetano, uma amizade que parecia imposs\u00edvel e agora \u00e9 gigante!\",\"datePublished\":\"2018-08-30T14:32:40+00:00\",\"dateModified\":\"2023-06-22T14:33:17+00:00\",\"mainEntityOfPage\":{\"@id\":\"https:\/\/carlotas.org\/bra\/bella-e-caetano-uma-amizade-que-parecia-impossivel-e-agora-e-gigante\/\"},\"wordCount\":423,\"publisher\":{\"@id\":\"https:\/\/carlotas.org\/bra\/#organization\"},\"image\":{\"@id\":\"https:\/\/carlotas.org\/bra\/bella-e-caetano-uma-amizade-que-parecia-impossivel-e-agora-e-gigante\/#primaryimage\"},\"thumbnailUrl\":\"https:\/\/carlotas.org\/bra\/wp-content\/uploads\/2023\/06\/Bella-e-Caetano.jpeg\",\"keywords\":[\"Bella e Caetano\",\"Isabel Silveira\",\"Personagens\"],\"articleSection\":[\"Personagens\"],\"inLanguage\":\"pt-BR\"},{\"@type\":\"WebPage\",\"@id\":\"https:\/\/carlotas.org\/bra\/bella-e-caetano-uma-amizade-que-parecia-impossivel-e-agora-e-gigante\/\",\"url\":\"https:\/\/carlotas.org\/bra\/bella-e-caetano-uma-amizade-que-parecia-impossivel-e-agora-e-gigante\/\",\"name\":\"Bella e Caetano, uma amizade que parecia imposs\u00edvel e agora \u00e9 gigante! - Carlotas\",\"isPartOf\":{\"@id\":\"https:\/\/carlotas.org\/bra\/#website\"},\"primaryImageOfPage\":{\"@id\":\"https:\/\/carlotas.org\/bra\/bella-e-caetano-uma-amizade-que-parecia-impossivel-e-agora-e-gigante\/#primaryimage\"},\"image\":{\"@id\":\"https:\/\/carlotas.org\/bra\/bella-e-caetano-uma-amizade-que-parecia-impossivel-e-agora-e-gigante\/#primaryimage\"},\"thumbnailUrl\":\"https:\/\/carlotas.org\/bra\/wp-content\/uploads\/2023\/06\/Bella-e-Caetano.jpeg\",\"datePublished\":\"2018-08-30T14:32:40+00:00\",\"dateModified\":\"2023-06-22T14:33:17+00:00\",\"breadcrumb\":{\"@id\":\"https:\/\/carlotas.org\/bra\/bella-e-caetano-uma-amizade-que-parecia-impossivel-e-agora-e-gigante\/#breadcrumb\"},\"inLanguage\":\"pt-BR\",\"potentialAction\":[{\"@type\":\"ReadAction\",\"target\":[\"https:\/\/carlotas.org\/bra\/bella-e-caetano-uma-amizade-que-parecia-impossivel-e-agora-e-gigante\/\"]}]},{\"@type\":\"ImageObject\",\"inLanguage\":\"pt-BR\",\"@id\":\"https:\/\/carlotas.org\/bra\/bella-e-caetano-uma-amizade-que-parecia-impossivel-e-agora-e-gigante\/#primaryimage\",\"url\":\"https:\/\/carlotas.org\/bra\/wp-content\/uploads\/2023\/06\/Bella-e-Caetano.jpeg\",\"contentUrl\":\"https:\/\/carlotas.org\/bra\/wp-content\/uploads\/2023\/06\/Bella-e-Caetano.jpeg\",\"width\":1160,\"height\":450},{\"@type\":\"BreadcrumbList\",\"@id\":\"https:\/\/carlotas.org\/bra\/bella-e-caetano-uma-amizade-que-parecia-impossivel-e-agora-e-gigante\/#breadcrumb\",\"itemListElement\":[{\"@type\":\"ListItem\",\"position\":1,\"name\":\"In\u00edcio\",\"item\":\"https:\/\/carlotas.org\/bra\/\"},{\"@type\":\"ListItem\",\"position\":2,\"name\":\"Bella e Caetano, uma amizade que parecia imposs\u00edvel e agora \u00e9 gigante!\"}]},{\"@type\":\"WebSite\",\"@id\":\"https:\/\/carlotas.org\/bra\/#website\",\"url\":\"https:\/\/carlotas.org\/bra\/\",\"name\":\"Carlotas\",\"description\":\"A pot\u00eancia da empatia e A for\u00e7a da diversidade\",\"publisher\":{\"@id\":\"https:\/\/carlotas.org\/bra\/#organization\"},\"potentialAction\":[{\"@type\":\"SearchAction\",\"target\":{\"@type\":\"EntryPoint\",\"urlTemplate\":\"https:\/\/carlotas.org\/bra\/?s={search_term_string}\"},\"query-input\":{\"@type\":\"PropertyValueSpecification\",\"valueRequired\":true,\"valueName\":\"search_term_string\"}}],\"inLanguage\":\"pt-BR\"},{\"@type\":\"Organization\",\"@id\":\"https:\/\/carlotas.org\/bra\/#organization\",\"name\":\"Carlotas\",\"url\":\"https:\/\/carlotas.org\/bra\/\",\"logo\":{\"@type\":\"ImageObject\",\"inLanguage\":\"pt-BR\",\"@id\":\"https:\/\/carlotas.org\/bra\/#\/schema\/logo\/image\/\",\"url\":\"https:\/\/carlotas.org\/bra\/wp-content\/uploads\/2022\/11\/carlotas_logo.png\",\"contentUrl\":\"https:\/\/carlotas.org\/bra\/wp-content\/uploads\/2022\/11\/carlotas_logo.png\",\"width\":288,\"height\":47,\"caption\":\"Carlotas\"},\"image\":{\"@id\":\"https:\/\/carlotas.org\/bra\/#\/schema\/logo\/image\/\"},\"sameAs\":[\"https:\/\/www.facebook.com\/carlotasworld\",\"https:\/\/www.linkedin.com\/company\/3712330\/\",\"https:\/\/www.youtube.com\/channel\/UCkW318Qeld92l3fns2P87lA\",\"https:\/\/open.spotify.com\/show\/2PMlthYIkYi0uSvvBAYGKP\"]},{\"@type\":\"Person\",\"@id\":\"https:\/\/carlotas.org\/bra\/#\/schema\/person\/73f499be89d73457f908526724ad83f5\",\"name\":\"Isabel Silveira\",\"image\":{\"@type\":\"ImageObject\",\"inLanguage\":\"pt-BR\",\"@id\":\"https:\/\/carlotas.org\/bra\/wp-content\/uploads\/2023\/06\/isabel-96x96.png\",\"url\":\"https:\/\/carlotas.org\/bra\/wp-content\/uploads\/2023\/06\/isabel-96x96.png\",\"contentUrl\":\"https:\/\/carlotas.org\/bra\/wp-content\/uploads\/2023\/06\/isabel-96x96.png\",\"caption\":\"Isabel Silveira\"},\"description\":\"Isabel nasceu em Guararema h\u00e1 muitos anos, estudou Ci\u00eancias Sociais e Odontologia. Trabalhou , sempre, como volunt\u00e1ria nas mais diversas atividades. Casada com Carlinhos teve dois filhos e os mima at\u00e9 hoje.\"}]}<\/script>\n<!-- \/ Yoast SEO plugin. -->","yoast_head_json":{"title":"Bella e Caetano, uma amizade que parecia imposs\u00edvel e agora \u00e9 gigante! - Carlotas","robots":{"index":"index","follow":"follow","max-snippet":"max-snippet:-1","max-image-preview":"max-image-preview:large","max-video-preview":"max-video-preview:-1"},"canonical":"https:\/\/carlotas.org\/bra\/bella-e-caetano-uma-amizade-que-parecia-impossivel-e-agora-e-gigante\/","og_locale":"pt_BR","og_type":"article","og_title":"Bella e Caetano, uma amizade que parecia imposs\u00edvel e agora \u00e9 gigante! - Carlotas","og_description":"Bella cresceu ouvindo as pessoas dizerem que preferiam cachorros porque gatos eram sinistros, dissimulados, n\u00e3o se apegavam a pessoas, s\u00f3 ao lugar onde moravam. Que cachorros eram fi\u00e9is ao dono, melhor amigo do homem, carinhosos e amorosos. Assim, seguindo o que aprendeu pelo tanto que ouviu, Bella nunca se aproximou de um gato, nunca se [&hellip;]","og_url":"https:\/\/carlotas.org\/bra\/bella-e-caetano-uma-amizade-que-parecia-impossivel-e-agora-e-gigante\/","og_site_name":"Carlotas","article_publisher":"https:\/\/www.facebook.com\/carlotasworld","article_published_time":"2018-08-30T14:32:40+00:00","article_modified_time":"2023-06-22T14:33:17+00:00","og_image":[{"width":1160,"height":450,"url":"https:\/\/carlotas.org\/bra\/wp-content\/uploads\/2023\/06\/Bella-e-Caetano.jpeg","type":"image\/jpeg"}],"author":"Isabel Silveira","twitter_card":"summary_large_image","twitter_misc":{"Escrito por":"Isabel Silveira","Est. tempo de leitura":"2 minutos"},"schema":{"@context":"https:\/\/schema.org","@graph":[{"@type":"Article","@id":"https:\/\/carlotas.org\/bra\/bella-e-caetano-uma-amizade-que-parecia-impossivel-e-agora-e-gigante\/#article","isPartOf":{"@id":"https:\/\/carlotas.org\/bra\/bella-e-caetano-uma-amizade-que-parecia-impossivel-e-agora-e-gigante\/"},"author":{"name":"Isabel Silveira","@id":"https:\/\/carlotas.org\/bra\/#\/schema\/person\/73f499be89d73457f908526724ad83f5"},"headline":"Bella e Caetano, uma amizade que parecia imposs\u00edvel e agora \u00e9 gigante!","datePublished":"2018-08-30T14:32:40+00:00","dateModified":"2023-06-22T14:33:17+00:00","mainEntityOfPage":{"@id":"https:\/\/carlotas.org\/bra\/bella-e-caetano-uma-amizade-que-parecia-impossivel-e-agora-e-gigante\/"},"wordCount":423,"publisher":{"@id":"https:\/\/carlotas.org\/bra\/#organization"},"image":{"@id":"https:\/\/carlotas.org\/bra\/bella-e-caetano-uma-amizade-que-parecia-impossivel-e-agora-e-gigante\/#primaryimage"},"thumbnailUrl":"https:\/\/carlotas.org\/bra\/wp-content\/uploads\/2023\/06\/Bella-e-Caetano.jpeg","keywords":["Bella e Caetano","Isabel Silveira","Personagens"],"articleSection":["Personagens"],"inLanguage":"pt-BR"},{"@type":"WebPage","@id":"https:\/\/carlotas.org\/bra\/bella-e-caetano-uma-amizade-que-parecia-impossivel-e-agora-e-gigante\/","url":"https:\/\/carlotas.org\/bra\/bella-e-caetano-uma-amizade-que-parecia-impossivel-e-agora-e-gigante\/","name":"Bella e Caetano, uma amizade que parecia imposs\u00edvel e agora \u00e9 gigante! - Carlotas","isPartOf":{"@id":"https:\/\/carlotas.org\/bra\/#website"},"primaryImageOfPage":{"@id":"https:\/\/carlotas.org\/bra\/bella-e-caetano-uma-amizade-que-parecia-impossivel-e-agora-e-gigante\/#primaryimage"},"image":{"@id":"https:\/\/carlotas.org\/bra\/bella-e-caetano-uma-amizade-que-parecia-impossivel-e-agora-e-gigante\/#primaryimage"},"thumbnailUrl":"https:\/\/carlotas.org\/bra\/wp-content\/uploads\/2023\/06\/Bella-e-Caetano.jpeg","datePublished":"2018-08-30T14:32:40+00:00","dateModified":"2023-06-22T14:33:17+00:00","breadcrumb":{"@id":"https:\/\/carlotas.org\/bra\/bella-e-caetano-uma-amizade-que-parecia-impossivel-e-agora-e-gigante\/#breadcrumb"},"inLanguage":"pt-BR","potentialAction":[{"@type":"ReadAction","target":["https:\/\/carlotas.org\/bra\/bella-e-caetano-uma-amizade-que-parecia-impossivel-e-agora-e-gigante\/"]}]},{"@type":"ImageObject","inLanguage":"pt-BR","@id":"https:\/\/carlotas.org\/bra\/bella-e-caetano-uma-amizade-que-parecia-impossivel-e-agora-e-gigante\/#primaryimage","url":"https:\/\/carlotas.org\/bra\/wp-content\/uploads\/2023\/06\/Bella-e-Caetano.jpeg","contentUrl":"https:\/\/carlotas.org\/bra\/wp-content\/uploads\/2023\/06\/Bella-e-Caetano.jpeg","width":1160,"height":450},{"@type":"BreadcrumbList","@id":"https:\/\/carlotas.org\/bra\/bella-e-caetano-uma-amizade-que-parecia-impossivel-e-agora-e-gigante\/#breadcrumb","itemListElement":[{"@type":"ListItem","position":1,"name":"In\u00edcio","item":"https:\/\/carlotas.org\/bra\/"},{"@type":"ListItem","position":2,"name":"Bella e Caetano, uma amizade que parecia imposs\u00edvel e agora \u00e9 gigante!"}]},{"@type":"WebSite","@id":"https:\/\/carlotas.org\/bra\/#website","url":"https:\/\/carlotas.org\/bra\/","name":"Carlotas","description":"A pot\u00eancia da empatia e A for\u00e7a da diversidade","publisher":{"@id":"https:\/\/carlotas.org\/bra\/#organization"},"potentialAction":[{"@type":"SearchAction","target":{"@type":"EntryPoint","urlTemplate":"https:\/\/carlotas.org\/bra\/?s={search_term_string}"},"query-input":{"@type":"PropertyValueSpecification","valueRequired":true,"valueName":"search_term_string"}}],"inLanguage":"pt-BR"},{"@type":"Organization","@id":"https:\/\/carlotas.org\/bra\/#organization","name":"Carlotas","url":"https:\/\/carlotas.org\/bra\/","logo":{"@type":"ImageObject","inLanguage":"pt-BR","@id":"https:\/\/carlotas.org\/bra\/#\/schema\/logo\/image\/","url":"https:\/\/carlotas.org\/bra\/wp-content\/uploads\/2022\/11\/carlotas_logo.png","contentUrl":"https:\/\/carlotas.org\/bra\/wp-content\/uploads\/2022\/11\/carlotas_logo.png","width":288,"height":47,"caption":"Carlotas"},"image":{"@id":"https:\/\/carlotas.org\/bra\/#\/schema\/logo\/image\/"},"sameAs":["https:\/\/www.facebook.com\/carlotasworld","https:\/\/www.linkedin.com\/company\/3712330\/","https:\/\/www.youtube.com\/channel\/UCkW318Qeld92l3fns2P87lA","https:\/\/open.spotify.com\/show\/2PMlthYIkYi0uSvvBAYGKP"]},{"@type":"Person","@id":"https:\/\/carlotas.org\/bra\/#\/schema\/person\/73f499be89d73457f908526724ad83f5","name":"Isabel Silveira","image":{"@type":"ImageObject","inLanguage":"pt-BR","@id":"https:\/\/carlotas.org\/bra\/wp-content\/uploads\/2023\/06\/isabel-96x96.png","url":"https:\/\/carlotas.org\/bra\/wp-content\/uploads\/2023\/06\/isabel-96x96.png","contentUrl":"https:\/\/carlotas.org\/bra\/wp-content\/uploads\/2023\/06\/isabel-96x96.png","caption":"Isabel Silveira"},"description":"Isabel nasceu em Guararema h\u00e1 muitos anos, estudou Ci\u00eancias Sociais e Odontologia. Trabalhou , sempre, como volunt\u00e1ria nas mais diversas atividades. Casada com Carlinhos teve dois filhos e os mima at\u00e9 hoje."}]}},"_links":{"self":[{"href":"https:\/\/carlotas.org\/bra\/wp-json\/wp\/v2\/posts\/1384","targetHints":{"allow":["GET"]}}],"collection":[{"href":"https:\/\/carlotas.org\/bra\/wp-json\/wp\/v2\/posts"}],"about":[{"href":"https:\/\/carlotas.org\/bra\/wp-json\/wp\/v2\/types\/post"}],"author":[{"embeddable":true,"href":"https:\/\/carlotas.org\/bra\/wp-json\/wp\/v2\/users\/12"}],"replies":[{"embeddable":true,"href":"https:\/\/carlotas.org\/bra\/wp-json\/wp\/v2\/comments?post=1384"}],"version-history":[{"count":1,"href":"https:\/\/carlotas.org\/bra\/wp-json\/wp\/v2\/posts\/1384\/revisions"}],"predecessor-version":[{"id":1387,"href":"https:\/\/carlotas.org\/bra\/wp-json\/wp\/v2\/posts\/1384\/revisions\/1387"}],"wp:featuredmedia":[{"embeddable":true,"href":"https:\/\/carlotas.org\/bra\/wp-json\/wp\/v2\/media\/1385"}],"wp:attachment":[{"href":"https:\/\/carlotas.org\/bra\/wp-json\/wp\/v2\/media?parent=1384"}],"wp:term":[{"taxonomy":"category","embeddable":true,"href":"https:\/\/carlotas.org\/bra\/wp-json\/wp\/v2\/categories?post=1384"},{"taxonomy":"post_tag","embeddable":true,"href":"https:\/\/carlotas.org\/bra\/wp-json\/wp\/v2\/tags?post=1384"}],"curies":[{"name":"wp","href":"https:\/\/api.w.org\/{rel}","templated":true}]}}