{"id":1784,"date":"2016-08-01T20:00:51","date_gmt":"2016-08-01T20:00:51","guid":{"rendered":"https:\/\/carlotas.org\/bra\/?p=1784"},"modified":"2023-06-26T23:32:39","modified_gmt":"2023-06-26T23:32:39","slug":"saiu-no-joca-nem-de-menino-nem-de-menina","status":"publish","type":"post","link":"https:\/\/carlotas.org\/bra\/saiu-no-joca-nem-de-menino-nem-de-menina\/","title":{"rendered":"Nem de menino, nem de menina"},"content":{"rendered":"<p>Muitas vezes ouvimos as frases \u201cisto \u00e9 de menina\u201d ou \u201cisto \u00e9 de menino\u201d. Quando falamos de esporte, n\u00e3o \u00e9 muito comum ver meninas jogarem futebol ou lutar boxe. Assim como n\u00e3o \u00e9 comum ver os meninos em aulas de sapateado ou dan\u00e7a. Mas ser\u00e1 que existe mesmo essa separa\u00e7\u00e3o?<\/p>\n<p>Em julho, acabou a Copa Moleque Travesso de Futebol Sub-13 (para meninos de 12 anos a 13 anos), com a participa\u00e7\u00e3o do time feminino do Centro Ol\u00edmpico de S\u00e3o Paulo. Como n\u00e3o existe campeonato de futebol feminino para essa idade, o primeiro desafio foi ter abertura para participar do evento com os meninos.<\/p>\n<p>Elas n\u00e3o s\u00f3 jogaram como ganharam a Copa. No entanto, tiveram que ouvir os coment\u00e1rios dos garotos (e, infelizmente, de alguns pais) tentando justificar a derrota dizendo que n\u00e3o jogaram para valer para n\u00e3o machucar as meninas.<\/p>\n<h3>Mat\u00e9ria para crian\u00e7as<\/h3>\n<p>Ser\u00e1 que tem mesmo essa coisa de menino e menina? E os brinquedos? Bambol\u00ea, bola, boneca, carrinho, corda, moto e panelas. Todo mundo pode brincar junto? Afinal, brincar \u00e9 se divertir, explorar, sonhar e aprender sem limita\u00e7\u00f5es. Sem se preocupar se \u00e9 azul ou rosa, se \u00e9 de menino ou de menina. E se pensamos nas profiss\u00f5es, existe algo que define se \u00e9 para homens ou mulheres? Presidente de empresa (por que n\u00e3o de um pa\u00eds?), policial ou astronauta. Acabamos associando algumas profiss\u00f5es a mulheres, como professora e recepcionista, e outras aos homens, como engenheiro e motorista. A realidade \u00e9 que n\u00e3o existe profiss\u00e3o exclusiva para homens ou para mulheres. Aceita o desafio de pesquisar sobre as profiss\u00f5es?<\/p>\n<p>Durante uma semana, observe quantos homens e mulheres voc\u00ea v\u00ea nas seguintes profiss\u00f5es:<\/p>\n<p>\u2022 Motorista de t\u00e1xi ou \u00f4nibus<br \/>\n\u2022 Professor<br \/>\n\u2022 Balconista de loja<br \/>\n\u2022 Policial<br \/>\n\u2022 Caixa de supermercado<\/p>\n<h3><strong>Mat\u00e9ria para educadores<\/strong><\/h3>\n<p>Quantas vezes repetimos \u201cisto \u00e9 de menina\u201d ou \u201cisto \u00e9 de menino\u201d. Estamos acostumados a rotinas, cores, profiss\u00f5es que separam homens de mulheres. A reflex\u00e3o da coluna para as crian\u00e7as \u00e9 trazer mais leveza e realiza\u00e7\u00e3o nas escolhas, principalmente no brincar.<\/p>\n<p>Por meio da brincadeira, a crian\u00e7a se comunica, se expressa, explora o mundo a sua volta, o reconhece, assimila as experi\u00eancias e incorpora comportamento e valores. Acessa seus medos, d\u00favidas e angustias, reproduz sua realidade e elabora suas conclus\u00f5es de forma l\u00fadica, j\u00e1 que conscientemente seria dif\u00edcil traduzir em palavras.<\/p>\n<p>Brinquedos de a\u00e7\u00e3o e constru\u00e7\u00e3o, por exemplo, treinam habilidades espaciais, resolu\u00e7\u00e3o de problemas e encorajam crian\u00e7as a serem ativas. J\u00e1 os brinquedos que focam no desempenho de pap\u00e9is e em teatro de pequena escala permitem a pr\u00e1tica de habilidades sociais. Por isso, n\u00e3o podemos limitar e separar essas experi\u00eancias t\u00e3o importantes do brincar.<\/p>\n<p>O mesmo acontece em rela\u00e7\u00e3o aos esportes, separando as meninas dos meninos, n\u00e3o apenas na hora de jogar mas tamb\u00e9m em modalidades diferentes. N\u00e3o \u00e9 muito comum meninas jogarem futebol ou lutarem boxe. Assim como n\u00e3o \u00e9 comum ver os meninos em aulas de sapateado ou dan\u00e7a. Mas ser\u00e1 que existe mesmo essa separa\u00e7\u00e3o ou n\u00f3s que a produzimos?<\/p>\n<p>Isso se reflete futuramente na escolha das profiss\u00f5es. Atualmente, as mulheres ocupam apenas 29% dos trabalhos em profiss\u00f5es ligadas a ci\u00eancias, tecnologia, engenharia e matem\u00e1tica. Acabamos associando algumas profiss\u00f5es a mulheres, como professora e recepcionista, e outras aos homens, como engenheiro e motorista. A realidade \u00e9 que n\u00e3o existe profiss\u00e3o exclusiva para homens ou para mulheres.<\/p>\n<p>A proposta dessa reflex\u00e3o \u00e9 trabalhar com os alunos as escolhas, o que impede ou limita. Sugerimos trabalhar com os alunos as brincadeiras, esportes e profiss\u00f5es.<\/p>\n<h3><strong>Brincadeiras<\/strong><\/h3>\n<p>Listar com eles as brincadeiras que cada um mais gosta. A partir da\u00ed, conversarem se h\u00e1 alguma que \u00e9 s\u00f3 de menino ou menina. Pe\u00e7a para que escolham uma ou duas brincadeiras para que brinquem juntos, de prefer\u00eancia uma que normalmente classificamos como \u201cde menino\u201d \/ \u201cde menina\u201d.<\/p>\n<h3><strong>Esportes<\/strong><\/h3>\n<p>Assim como nas brincadeiras, estimule que eles compartilhem quais esportes praticam ou gostam. Ser\u00e1 que h\u00e1 esportes somente de menino ou de menina? Pe\u00e7a para eles dizerem quais atletas (homens e mulheres) eles conhecem em cada esporte. Se n\u00e3o conhecerem, podem pesquisar e trazer depois, por exemplo.<\/p>\n<p>Algumas sugest\u00f5es de esporte: futebol, taekwondo, jud\u00f4, box, bmx, atletismo, basquete, sapateado, nata\u00e7\u00e3o, v\u00f4lei, halterofilismo e automobilismo.<\/p>\n<h3><strong>Profiss\u00f5es<\/strong><\/h3>\n<p>Mais uma vez, crie com os alunos uma lista de profiss\u00f5es e pensem se h\u00e1 mais homens ou mulheres em cada uma delas e o porqu\u00ea. Ent\u00e3o, pe\u00e7a para que eles observem durante uma semana quantos homens e mulheres encontram nas profiss\u00f5es que listaram. Nas profiss\u00f5es que perceberam que \u00e9 predominantemente masculina ou feminina, pe\u00e7a para que conversem com um homem e uma mulher que desempenha a fun\u00e7\u00e3o. Estabele\u00e7a com os alunos algumas perguntas que poderiam fazer, como: \u00ad<\/p>\n<p>Por que voc\u00ea acha que tem mais homem \/ mulher na sua profiss\u00e3o?<\/p>\n<p>Como voc\u00ea se sente trabalhando num ambiente majoritariamente masculino \/ feminino? \u00ad Voc\u00ea j\u00e1 se sentiu discriminado?<\/p>\n<p>Conte para n\u00f3s a que conclus\u00e3o voc\u00ea chegou pelo e-mail\u00a0<span id=\"cloak1cb174bfb1f82eb595397fb11d91e712\"><\/span><a href=\"mailto:carlotas@carlotas.com.br\"><ins datetime=\"2023-06-24T19:59:55+00:00\">carlotas@carlotas.com.br<\/ins><\/a>.<\/p>\n<p><img fetchpriority=\"high\" decoding=\"async\" class=\"aligncenter size-full wp-image-1786\" src=\"https:\/\/carlotas.org\/bra\/wp-content\/uploads\/2023\/06\/Nem-menino-nem-menina.jpg\" alt=\"\" width=\"700\" height=\"412\" srcset=\"https:\/\/carlotas.org\/bra\/wp-content\/uploads\/2023\/06\/Nem-menino-nem-menina.jpg 700w, https:\/\/carlotas.org\/bra\/wp-content\/uploads\/2023\/06\/Nem-menino-nem-menina-300x177.jpg 300w\" sizes=\"(max-width: 700px) 100vw, 700px\" \/><\/p>\n","protected":false},"excerpt":{"rendered":"<p>Muitas vezes ouvimos as frases \u201cisto \u00e9 de menina\u201d ou \u201cisto \u00e9 de menino\u201d. Quando falamos de esporte, n\u00e3o \u00e9 muito comum ver meninas jogarem futebol ou lutar boxe. Assim como n\u00e3o \u00e9 comum ver os meninos em aulas de sapateado ou dan\u00e7a. Mas ser\u00e1 que existe mesmo essa separa\u00e7\u00e3o? Em julho, acabou a Copa [&hellip;]<\/p>\n","protected":false},"author":6,"featured_media":1785,"comment_status":"closed","ping_status":"closed","sticky":false,"template":"","format":"standard","meta":{"_acf_changed":false,"om_disable_all_campaigns":false,"_monsterinsights_skip_tracking":false,"_monsterinsights_sitenote_active":false,"_monsterinsights_sitenote_note":"","_monsterinsights_sitenote_category":0,"_uf_show_specific_survey":0,"_uf_disable_surveys":false,"footnotes":""},"categories":[12],"tags":[30,76,49,31,102],"class_list":["post-1784","post","type-post","status-publish","format-standard","has-post-thumbnail","hentry","category-personagens","tag-fabiana-gutierrez","tag-jornal-joca","tag-personagens","tag-referencias","tag-respeito"],"acf":[],"yoast_head":"<!-- This site is optimized with the Yoast SEO plugin v27.2 - https:\/\/yoast.com\/product\/yoast-seo-wordpress\/ -->\n<title>Nem de menino, nem de menina - Carlotas<\/title>\n<meta name=\"robots\" content=\"index, follow, max-snippet:-1, max-image-preview:large, max-video-preview:-1\" \/>\n<link rel=\"canonical\" href=\"https:\/\/carlotas.org\/bra\/saiu-no-joca-nem-de-menino-nem-de-menina\/\" \/>\n<meta property=\"og:locale\" content=\"pt_BR\" \/>\n<meta property=\"og:type\" content=\"article\" \/>\n<meta property=\"og:title\" content=\"Nem de menino, nem de menina - Carlotas\" \/>\n<meta property=\"og:description\" content=\"Muitas vezes ouvimos as frases \u201cisto \u00e9 de menina\u201d ou \u201cisto \u00e9 de menino\u201d. Quando falamos de esporte, n\u00e3o \u00e9 muito comum ver meninas jogarem futebol ou lutar boxe. Assim como n\u00e3o \u00e9 comum ver os meninos em aulas de sapateado ou dan\u00e7a. Mas ser\u00e1 que existe mesmo essa separa\u00e7\u00e3o? Em julho, acabou a Copa [&hellip;]\" \/>\n<meta property=\"og:url\" content=\"https:\/\/carlotas.org\/bra\/saiu-no-joca-nem-de-menino-nem-de-menina\/\" \/>\n<meta property=\"og:site_name\" content=\"Carlotas\" \/>\n<meta property=\"article:publisher\" content=\"https:\/\/www.facebook.com\/carlotasworld\" \/>\n<meta property=\"article:published_time\" content=\"2016-08-01T20:00:51+00:00\" \/>\n<meta property=\"article:modified_time\" content=\"2023-06-26T23:32:39+00:00\" \/>\n<meta property=\"og:image\" content=\"https:\/\/carlotas.org\/bra\/wp-content\/uploads\/2023\/06\/3-saiu-no-joca.jpg\" \/>\n\t<meta property=\"og:image:width\" content=\"1160\" \/>\n\t<meta property=\"og:image:height\" content=\"465\" \/>\n\t<meta property=\"og:image:type\" content=\"image\/jpeg\" \/>\n<meta name=\"author\" content=\"Fabiana Gutierrez\" \/>\n<meta name=\"twitter:card\" content=\"summary_large_image\" \/>\n<meta name=\"twitter:label1\" content=\"Escrito por\" \/>\n\t<meta name=\"twitter:data1\" content=\"Fabiana Gutierrez\" \/>\n\t<meta name=\"twitter:label2\" content=\"Est. tempo de leitura\" \/>\n\t<meta name=\"twitter:data2\" content=\"4 minutos\" \/>\n<script type=\"application\/ld+json\" class=\"yoast-schema-graph\">{\"@context\":\"https:\/\/schema.org\",\"@graph\":[{\"@type\":\"Article\",\"@id\":\"https:\/\/carlotas.org\/bra\/saiu-no-joca-nem-de-menino-nem-de-menina\/#article\",\"isPartOf\":{\"@id\":\"https:\/\/carlotas.org\/bra\/saiu-no-joca-nem-de-menino-nem-de-menina\/\"},\"author\":{\"name\":\"Fabiana Gutierrez\",\"@id\":\"https:\/\/carlotas.org\/bra\/#\/schema\/person\/f0c44654964132f2e4bb6a639951db65\"},\"headline\":\"Nem de menino, nem de menina\",\"datePublished\":\"2016-08-01T20:00:51+00:00\",\"dateModified\":\"2023-06-26T23:32:39+00:00\",\"mainEntityOfPage\":{\"@id\":\"https:\/\/carlotas.org\/bra\/saiu-no-joca-nem-de-menino-nem-de-menina\/\"},\"wordCount\":873,\"publisher\":{\"@id\":\"https:\/\/carlotas.org\/bra\/#organization\"},\"image\":{\"@id\":\"https:\/\/carlotas.org\/bra\/saiu-no-joca-nem-de-menino-nem-de-menina\/#primaryimage\"},\"thumbnailUrl\":\"https:\/\/carlotas.org\/bra\/wp-content\/uploads\/2023\/06\/3-saiu-no-joca.jpg\",\"keywords\":[\"Fabiana Gutierrez\",\"Jornal Joca\",\"Personagens\",\"Refer\u00eancias\",\"Respeito\"],\"articleSection\":[\"Personagens\"],\"inLanguage\":\"pt-BR\"},{\"@type\":\"WebPage\",\"@id\":\"https:\/\/carlotas.org\/bra\/saiu-no-joca-nem-de-menino-nem-de-menina\/\",\"url\":\"https:\/\/carlotas.org\/bra\/saiu-no-joca-nem-de-menino-nem-de-menina\/\",\"name\":\"Nem de menino, nem de menina - Carlotas\",\"isPartOf\":{\"@id\":\"https:\/\/carlotas.org\/bra\/#website\"},\"primaryImageOfPage\":{\"@id\":\"https:\/\/carlotas.org\/bra\/saiu-no-joca-nem-de-menino-nem-de-menina\/#primaryimage\"},\"image\":{\"@id\":\"https:\/\/carlotas.org\/bra\/saiu-no-joca-nem-de-menino-nem-de-menina\/#primaryimage\"},\"thumbnailUrl\":\"https:\/\/carlotas.org\/bra\/wp-content\/uploads\/2023\/06\/3-saiu-no-joca.jpg\",\"datePublished\":\"2016-08-01T20:00:51+00:00\",\"dateModified\":\"2023-06-26T23:32:39+00:00\",\"breadcrumb\":{\"@id\":\"https:\/\/carlotas.org\/bra\/saiu-no-joca-nem-de-menino-nem-de-menina\/#breadcrumb\"},\"inLanguage\":\"pt-BR\",\"potentialAction\":[{\"@type\":\"ReadAction\",\"target\":[\"https:\/\/carlotas.org\/bra\/saiu-no-joca-nem-de-menino-nem-de-menina\/\"]}]},{\"@type\":\"ImageObject\",\"inLanguage\":\"pt-BR\",\"@id\":\"https:\/\/carlotas.org\/bra\/saiu-no-joca-nem-de-menino-nem-de-menina\/#primaryimage\",\"url\":\"https:\/\/carlotas.org\/bra\/wp-content\/uploads\/2023\/06\/3-saiu-no-joca.jpg\",\"contentUrl\":\"https:\/\/carlotas.org\/bra\/wp-content\/uploads\/2023\/06\/3-saiu-no-joca.jpg\",\"width\":1160,\"height\":465},{\"@type\":\"BreadcrumbList\",\"@id\":\"https:\/\/carlotas.org\/bra\/saiu-no-joca-nem-de-menino-nem-de-menina\/#breadcrumb\",\"itemListElement\":[{\"@type\":\"ListItem\",\"position\":1,\"name\":\"In\u00edcio\",\"item\":\"https:\/\/carlotas.org\/bra\/\"},{\"@type\":\"ListItem\",\"position\":2,\"name\":\"Nem de menino, nem de menina\"}]},{\"@type\":\"WebSite\",\"@id\":\"https:\/\/carlotas.org\/bra\/#website\",\"url\":\"https:\/\/carlotas.org\/bra\/\",\"name\":\"Carlotas\",\"description\":\"A pot\u00eancia da empatia e A for\u00e7a da diversidade\",\"publisher\":{\"@id\":\"https:\/\/carlotas.org\/bra\/#organization\"},\"potentialAction\":[{\"@type\":\"SearchAction\",\"target\":{\"@type\":\"EntryPoint\",\"urlTemplate\":\"https:\/\/carlotas.org\/bra\/?s={search_term_string}\"},\"query-input\":{\"@type\":\"PropertyValueSpecification\",\"valueRequired\":true,\"valueName\":\"search_term_string\"}}],\"inLanguage\":\"pt-BR\"},{\"@type\":\"Organization\",\"@id\":\"https:\/\/carlotas.org\/bra\/#organization\",\"name\":\"Carlotas\",\"url\":\"https:\/\/carlotas.org\/bra\/\",\"logo\":{\"@type\":\"ImageObject\",\"inLanguage\":\"pt-BR\",\"@id\":\"https:\/\/carlotas.org\/bra\/#\/schema\/logo\/image\/\",\"url\":\"https:\/\/carlotas.org\/bra\/wp-content\/uploads\/2022\/11\/carlotas_logo.png\",\"contentUrl\":\"https:\/\/carlotas.org\/bra\/wp-content\/uploads\/2022\/11\/carlotas_logo.png\",\"width\":288,\"height\":47,\"caption\":\"Carlotas\"},\"image\":{\"@id\":\"https:\/\/carlotas.org\/bra\/#\/schema\/logo\/image\/\"},\"sameAs\":[\"https:\/\/www.facebook.com\/carlotasworld\",\"https:\/\/www.linkedin.com\/company\/3712330\/\",\"https:\/\/www.youtube.com\/channel\/UCkW318Qeld92l3fns2P87lA\",\"https:\/\/open.spotify.com\/show\/2PMlthYIkYi0uSvvBAYGKP\"]},{\"@type\":\"Person\",\"@id\":\"https:\/\/carlotas.org\/bra\/#\/schema\/person\/f0c44654964132f2e4bb6a639951db65\",\"name\":\"Fabiana Gutierrez\",\"image\":{\"@type\":\"ImageObject\",\"inLanguage\":\"pt-BR\",\"@id\":\"https:\/\/carlotas.org\/bra\/wp-content\/uploads\/2022\/12\/cropped-FabianaGutierrez-1-96x96.png\",\"url\":\"https:\/\/carlotas.org\/bra\/wp-content\/uploads\/2022\/12\/cropped-FabianaGutierrez-1-96x96.png\",\"contentUrl\":\"https:\/\/carlotas.org\/bra\/wp-content\/uploads\/2022\/12\/cropped-FabianaGutierrez-1-96x96.png\",\"caption\":\"Fabiana Gutierrez\"},\"description\":\"Comunicadora, f\u00e3 de redes sociais, blogueira, m\u00e3e, empreendedora social e feliz. N\u00e3o necessariamente nessa ordem. Descobri que o que n\u00e3o muda, \u00e9 que tudo muda. Apenas o que \u00e9 importante permanece porque o que n\u00e3o toca o cora\u00e7\u00e3o, n\u00e3o fica na mente. Tento viver o que acredito e por isso estou aqui.\"}]}<\/script>\n<!-- \/ Yoast SEO plugin. -->","yoast_head_json":{"title":"Nem de menino, nem de menina - Carlotas","robots":{"index":"index","follow":"follow","max-snippet":"max-snippet:-1","max-image-preview":"max-image-preview:large","max-video-preview":"max-video-preview:-1"},"canonical":"https:\/\/carlotas.org\/bra\/saiu-no-joca-nem-de-menino-nem-de-menina\/","og_locale":"pt_BR","og_type":"article","og_title":"Nem de menino, nem de menina - Carlotas","og_description":"Muitas vezes ouvimos as frases \u201cisto \u00e9 de menina\u201d ou \u201cisto \u00e9 de menino\u201d. Quando falamos de esporte, n\u00e3o \u00e9 muito comum ver meninas jogarem futebol ou lutar boxe. Assim como n\u00e3o \u00e9 comum ver os meninos em aulas de sapateado ou dan\u00e7a. Mas ser\u00e1 que existe mesmo essa separa\u00e7\u00e3o? Em julho, acabou a Copa [&hellip;]","og_url":"https:\/\/carlotas.org\/bra\/saiu-no-joca-nem-de-menino-nem-de-menina\/","og_site_name":"Carlotas","article_publisher":"https:\/\/www.facebook.com\/carlotasworld","article_published_time":"2016-08-01T20:00:51+00:00","article_modified_time":"2023-06-26T23:32:39+00:00","og_image":[{"width":1160,"height":465,"url":"https:\/\/carlotas.org\/bra\/wp-content\/uploads\/2023\/06\/3-saiu-no-joca.jpg","type":"image\/jpeg"}],"author":"Fabiana Gutierrez","twitter_card":"summary_large_image","twitter_misc":{"Escrito por":"Fabiana Gutierrez","Est. tempo de leitura":"4 minutos"},"schema":{"@context":"https:\/\/schema.org","@graph":[{"@type":"Article","@id":"https:\/\/carlotas.org\/bra\/saiu-no-joca-nem-de-menino-nem-de-menina\/#article","isPartOf":{"@id":"https:\/\/carlotas.org\/bra\/saiu-no-joca-nem-de-menino-nem-de-menina\/"},"author":{"name":"Fabiana Gutierrez","@id":"https:\/\/carlotas.org\/bra\/#\/schema\/person\/f0c44654964132f2e4bb6a639951db65"},"headline":"Nem de menino, nem de menina","datePublished":"2016-08-01T20:00:51+00:00","dateModified":"2023-06-26T23:32:39+00:00","mainEntityOfPage":{"@id":"https:\/\/carlotas.org\/bra\/saiu-no-joca-nem-de-menino-nem-de-menina\/"},"wordCount":873,"publisher":{"@id":"https:\/\/carlotas.org\/bra\/#organization"},"image":{"@id":"https:\/\/carlotas.org\/bra\/saiu-no-joca-nem-de-menino-nem-de-menina\/#primaryimage"},"thumbnailUrl":"https:\/\/carlotas.org\/bra\/wp-content\/uploads\/2023\/06\/3-saiu-no-joca.jpg","keywords":["Fabiana Gutierrez","Jornal Joca","Personagens","Refer\u00eancias","Respeito"],"articleSection":["Personagens"],"inLanguage":"pt-BR"},{"@type":"WebPage","@id":"https:\/\/carlotas.org\/bra\/saiu-no-joca-nem-de-menino-nem-de-menina\/","url":"https:\/\/carlotas.org\/bra\/saiu-no-joca-nem-de-menino-nem-de-menina\/","name":"Nem de menino, nem de menina - Carlotas","isPartOf":{"@id":"https:\/\/carlotas.org\/bra\/#website"},"primaryImageOfPage":{"@id":"https:\/\/carlotas.org\/bra\/saiu-no-joca-nem-de-menino-nem-de-menina\/#primaryimage"},"image":{"@id":"https:\/\/carlotas.org\/bra\/saiu-no-joca-nem-de-menino-nem-de-menina\/#primaryimage"},"thumbnailUrl":"https:\/\/carlotas.org\/bra\/wp-content\/uploads\/2023\/06\/3-saiu-no-joca.jpg","datePublished":"2016-08-01T20:00:51+00:00","dateModified":"2023-06-26T23:32:39+00:00","breadcrumb":{"@id":"https:\/\/carlotas.org\/bra\/saiu-no-joca-nem-de-menino-nem-de-menina\/#breadcrumb"},"inLanguage":"pt-BR","potentialAction":[{"@type":"ReadAction","target":["https:\/\/carlotas.org\/bra\/saiu-no-joca-nem-de-menino-nem-de-menina\/"]}]},{"@type":"ImageObject","inLanguage":"pt-BR","@id":"https:\/\/carlotas.org\/bra\/saiu-no-joca-nem-de-menino-nem-de-menina\/#primaryimage","url":"https:\/\/carlotas.org\/bra\/wp-content\/uploads\/2023\/06\/3-saiu-no-joca.jpg","contentUrl":"https:\/\/carlotas.org\/bra\/wp-content\/uploads\/2023\/06\/3-saiu-no-joca.jpg","width":1160,"height":465},{"@type":"BreadcrumbList","@id":"https:\/\/carlotas.org\/bra\/saiu-no-joca-nem-de-menino-nem-de-menina\/#breadcrumb","itemListElement":[{"@type":"ListItem","position":1,"name":"In\u00edcio","item":"https:\/\/carlotas.org\/bra\/"},{"@type":"ListItem","position":2,"name":"Nem de menino, nem de menina"}]},{"@type":"WebSite","@id":"https:\/\/carlotas.org\/bra\/#website","url":"https:\/\/carlotas.org\/bra\/","name":"Carlotas","description":"A pot\u00eancia da empatia e A for\u00e7a da diversidade","publisher":{"@id":"https:\/\/carlotas.org\/bra\/#organization"},"potentialAction":[{"@type":"SearchAction","target":{"@type":"EntryPoint","urlTemplate":"https:\/\/carlotas.org\/bra\/?s={search_term_string}"},"query-input":{"@type":"PropertyValueSpecification","valueRequired":true,"valueName":"search_term_string"}}],"inLanguage":"pt-BR"},{"@type":"Organization","@id":"https:\/\/carlotas.org\/bra\/#organization","name":"Carlotas","url":"https:\/\/carlotas.org\/bra\/","logo":{"@type":"ImageObject","inLanguage":"pt-BR","@id":"https:\/\/carlotas.org\/bra\/#\/schema\/logo\/image\/","url":"https:\/\/carlotas.org\/bra\/wp-content\/uploads\/2022\/11\/carlotas_logo.png","contentUrl":"https:\/\/carlotas.org\/bra\/wp-content\/uploads\/2022\/11\/carlotas_logo.png","width":288,"height":47,"caption":"Carlotas"},"image":{"@id":"https:\/\/carlotas.org\/bra\/#\/schema\/logo\/image\/"},"sameAs":["https:\/\/www.facebook.com\/carlotasworld","https:\/\/www.linkedin.com\/company\/3712330\/","https:\/\/www.youtube.com\/channel\/UCkW318Qeld92l3fns2P87lA","https:\/\/open.spotify.com\/show\/2PMlthYIkYi0uSvvBAYGKP"]},{"@type":"Person","@id":"https:\/\/carlotas.org\/bra\/#\/schema\/person\/f0c44654964132f2e4bb6a639951db65","name":"Fabiana Gutierrez","image":{"@type":"ImageObject","inLanguage":"pt-BR","@id":"https:\/\/carlotas.org\/bra\/wp-content\/uploads\/2022\/12\/cropped-FabianaGutierrez-1-96x96.png","url":"https:\/\/carlotas.org\/bra\/wp-content\/uploads\/2022\/12\/cropped-FabianaGutierrez-1-96x96.png","contentUrl":"https:\/\/carlotas.org\/bra\/wp-content\/uploads\/2022\/12\/cropped-FabianaGutierrez-1-96x96.png","caption":"Fabiana Gutierrez"},"description":"Comunicadora, f\u00e3 de redes sociais, blogueira, m\u00e3e, empreendedora social e feliz. N\u00e3o necessariamente nessa ordem. Descobri que o que n\u00e3o muda, \u00e9 que tudo muda. Apenas o que \u00e9 importante permanece porque o que n\u00e3o toca o cora\u00e7\u00e3o, n\u00e3o fica na mente. Tento viver o que acredito e por isso estou aqui."}]}},"_links":{"self":[{"href":"https:\/\/carlotas.org\/bra\/wp-json\/wp\/v2\/posts\/1784","targetHints":{"allow":["GET"]}}],"collection":[{"href":"https:\/\/carlotas.org\/bra\/wp-json\/wp\/v2\/posts"}],"about":[{"href":"https:\/\/carlotas.org\/bra\/wp-json\/wp\/v2\/types\/post"}],"author":[{"embeddable":true,"href":"https:\/\/carlotas.org\/bra\/wp-json\/wp\/v2\/users\/6"}],"replies":[{"embeddable":true,"href":"https:\/\/carlotas.org\/bra\/wp-json\/wp\/v2\/comments?post=1784"}],"version-history":[{"count":2,"href":"https:\/\/carlotas.org\/bra\/wp-json\/wp\/v2\/posts\/1784\/revisions"}],"predecessor-version":[{"id":2008,"href":"https:\/\/carlotas.org\/bra\/wp-json\/wp\/v2\/posts\/1784\/revisions\/2008"}],"wp:featuredmedia":[{"embeddable":true,"href":"https:\/\/carlotas.org\/bra\/wp-json\/wp\/v2\/media\/1785"}],"wp:attachment":[{"href":"https:\/\/carlotas.org\/bra\/wp-json\/wp\/v2\/media?parent=1784"}],"wp:term":[{"taxonomy":"category","embeddable":true,"href":"https:\/\/carlotas.org\/bra\/wp-json\/wp\/v2\/categories?post=1784"},{"taxonomy":"post_tag","embeddable":true,"href":"https:\/\/carlotas.org\/bra\/wp-json\/wp\/v2\/tags?post=1784"}],"curies":[{"name":"wp","href":"https:\/\/api.w.org\/{rel}","templated":true}]}}