{"id":2954,"date":"2016-03-05T23:24:46","date_gmt":"2016-03-05T23:24:46","guid":{"rendered":"https:\/\/carlotas.org\/bra\/?p=2954"},"modified":"2023-07-19T23:25:24","modified_gmt":"2023-07-19T23:25:24","slug":"saiu-no-joca-o-que-e-diversidade","status":"publish","type":"post","link":"https:\/\/carlotas.org\/bra\/saiu-no-joca-o-que-e-diversidade\/","title":{"rendered":"Saiu no JOCA: O que \u00e9 diversidade?"},"content":{"rendered":"<h3>Mat\u00e9ria para crian\u00e7as<\/h3>\n<p>Voc\u00ea j\u00e1 deve ter ouvido a palavra diversidade, mas sabe o que significa? Ao contr\u00e1rio do que as pessoas pensam, n\u00e3o \u00e9 apenas sobre diferen\u00e7as.<\/p>\n<p>N\u00e3o caracteriza, define ou agrupa o que \u00e9 diferente de um padr\u00e3o. Significa tamb\u00e9m um grupo m\u00faltiplo, plural, de muitas possibilidades. Quando entendemos assim, faz muita diferen\u00e7a. Porque deixamos de olhar o \u201cfora do padr\u00e3o\u201d (diferente) e assumimos muitas alternativas (possibilidades).<\/p>\n<p>E esse \u00e9 o prop\u00f3sito da Semana da Diversidade, que ser\u00e1 realizada em S\u00e3o Paulo, de 19 a 23 de mar\u00e7o. A ideia \u00e9 fazer com que as pessoas olhem os \u201cdiferentes\u201d como possibilidade e pensem como eles podem ser inclu\u00eddos no dia a dia.<\/p>\n<p>Ser\u00e3o cinco dias com v\u00e1rias atividades, eventos, apresenta\u00e7\u00f5es e a\u00e7\u00f5es para promover o di\u00e1logo sobre aceita\u00e7\u00e3o da diversidade \u00e9tnica, cultural e de g\u00eanero. Como parte dessas a\u00e7\u00f5es, no dia 20 de mar\u00e7o, domingo, no Parque do Ibirapuera, acontecer\u00e1 o 2o Caminha Down, um passeio pelo parque para chamar a aten\u00e7\u00e3o para as crian\u00e7as portadoras da s\u00edndrome de Down. Carlotas ter\u00e1 um espa\u00e7o l\u00e1 para trazer muita empatia para esse evento.<\/p>\n<h3>Mat\u00e9ria para educadores<\/h3>\n<p>Trabalhando a Diversidade<\/p>\n<p>Aproveitando a Semana da Diversidade, trouxemos para os alunos o convite para refletir sobre o tema e, se poss\u00edvel, participar desse evento.<\/p>\n<p>Quando falamos de diversidade, pensamos sempre no diferente, no que n\u00e3o segue o mesmo padr\u00e3o que n\u00f3s, e, mesmo sem querer, associamos a algo errado. No entanto, diversidade tamb\u00e9m significa pluralidade, multiplicidade. O conceito de diferente fica entre algo simplista, d\u00fabio, \u00adcerto\/errado, conhecido\/desconhecido, normal\/diferente. O plural \u00e9 muito, \u00e9 possibilidade, \u00e9 variedade. Entender esse conceito por si s\u00f3 j\u00e1 traz algumas op\u00e7\u00f5es de trabalho e di\u00e1logo com as crian\u00e7as e jovens. N\u00e3o precisamos pensar em diversidade como algo distante. Diversidade cultural, de g\u00eanero e \u00e9tnica. Que tal a forma de pensar, estudar e se expressar?<\/p>\n<p>Isso acontece todos os dias na sala de aula, em casa, com amigos. Isso tamb\u00e9m \u00e9 diversidade.<\/p>\n<p>Algumas ideias de trabalho com os alunos aproveitando a Semana da Diversidade: \u00ad<\/p>\n<p>Identificar as origens \/ hist\u00f3rias familiares de cada um, explorar os costumes que ainda mant\u00e9m. O que \u00e9 semelhante e o que \u00e9 diferente? \u00ad Dentro do olhar das origens familiares, aproveitar os pa\u00edses e grupos \u00e9tnicos que apareceram e convid\u00e1-\u00adlos a estudar esses grupos. Algumas quest\u00f5es para nortear os estudos: \u00ad regi\u00e3o que est\u00e1 localizado na Terra. \u00adO que a localiza\u00e7\u00e3o influencia nos costumes \u00ad h\u00e1bitos alimentares, comportamento, roupas, moradia, m\u00fasica.<\/p>\n<p>Para os mais velhos pode\u00ad-se explorar as quest\u00f5es de geografia e as atividades econ\u00f4micas. \u00ad Pode ser feito em grupos e cada um pesquisa um pa\u00eds \/ etnia ou todos pesquisam apenas um mas s\u00e3o separados por tema (comida, m\u00fasica, religi\u00e3o, geografia, economia, hist\u00f3ria).<\/p>\n<p>As apresenta\u00e7\u00f5es podem ser feitas das mais diversas formas envolvendo teatro, m\u00fasica, culin\u00e1ria, hist\u00f3rias escritas ou contadas ou qualquer outro formato que os alunos queiram utilizar. \u00ad Identificar habilidades e prefer\u00eancias por mat\u00e9rias e as dificuldades. Criar um quadro de troca de ajuda entre os alunos formando grupos de estudos para, pelo menos, as principais disciplinas.<\/p>\n<p>No site <a href=\"http:\/\/www.semanadadiversidade.com.br\/\"><ins datetime=\"2023-07-19T23:23:53+00:00\">www.semanadadiversidade.com.br<\/ins><\/a>, voc\u00ea pode encontrar a programa\u00e7\u00e3o completa das atividades que acontecer\u00e3o de 19 a 23 de mar\u00e7o, mas gostar\u00edamos de fazer um convite especial. No domingo, dia 20 de mar\u00e7o, ter\u00e1 o 2o CaminhaDown no Parque do Ibirapuera (em S\u00e3o Paulo) e Carlotas estar\u00e1 presente l\u00e1.<\/p>\n<p>Venha participar e conversar conosco, queremos muito conhecer voc\u00ea e seu trabalho de perto. Fa\u00e7a sua inscri\u00e7\u00e3o pelo site: <a href=\"http:\/\/www.caminhadown.com.br\/\"><ins datetime=\"2023-07-19T23:23:53+00:00\">www.caminhadown.com.br<\/ins><\/a>.<\/p>\n<p>Esse post foi baseado na nossa colabora\u00e7\u00e3o para o Jornal Joca &#8211; 1a quinzena &#8211; Mar\u00e7o de 2016.<\/p>\n<p><img fetchpriority=\"high\" decoding=\"async\" class=\"alignnone size-full wp-image-2955\" src=\"https:\/\/carlotas.org\/bra\/wp-content\/uploads\/2023\/07\/209a.jpg\" alt=\"\" width=\"903\" height=\"548\" srcset=\"https:\/\/carlotas.org\/bra\/wp-content\/uploads\/2023\/07\/209a.jpg 903w, https:\/\/carlotas.org\/bra\/wp-content\/uploads\/2023\/07\/209a-300x182.jpg 300w, https:\/\/carlotas.org\/bra\/wp-content\/uploads\/2023\/07\/209a-768x466.jpg 768w\" sizes=\"(max-width: 903px) 100vw, 903px\" \/><\/p>\n","protected":false},"excerpt":{"rendered":"<p>Mat\u00e9ria para crian\u00e7as Voc\u00ea j\u00e1 deve ter ouvido a palavra diversidade, mas sabe o que significa? Ao contr\u00e1rio do que as pessoas pensam, n\u00e3o \u00e9 apenas sobre diferen\u00e7as. N\u00e3o caracteriza, define ou agrupa o que \u00e9 diferente de um padr\u00e3o. Significa tamb\u00e9m um grupo m\u00faltiplo, plural, de muitas possibilidades. Quando entendemos assim, faz muita diferen\u00e7a. [&hellip;]<\/p>\n","protected":false},"author":6,"featured_media":2956,"comment_status":"closed","ping_status":"closed","sticky":false,"template":"","format":"standard","meta":{"_acf_changed":false,"om_disable_all_campaigns":false,"_monsterinsights_skip_tracking":false,"_monsterinsights_sitenote_active":false,"_monsterinsights_sitenote_note":"","_monsterinsights_sitenote_category":0,"_uf_show_specific_survey":0,"_uf_disable_surveys":false,"footnotes":""},"categories":[10],"tags":[457,30,76,31,102],"class_list":["post-2954","post","type-post","status-publish","format-standard","has-post-thumbnail","hentry","category-referencias","tag-diversidade-e-inclusao","tag-fabiana-gutierrez","tag-jornal-joca","tag-referencias","tag-respeito"],"acf":[],"yoast_head":"<!-- This site is optimized with the Yoast SEO plugin v27.2 - https:\/\/yoast.com\/product\/yoast-seo-wordpress\/ -->\n<title>Saiu no JOCA: O que \u00e9 diversidade? - Carlotas<\/title>\n<meta name=\"robots\" content=\"index, follow, max-snippet:-1, max-image-preview:large, max-video-preview:-1\" \/>\n<link rel=\"canonical\" href=\"https:\/\/carlotas.org\/bra\/saiu-no-joca-o-que-e-diversidade\/\" \/>\n<meta property=\"og:locale\" content=\"pt_BR\" \/>\n<meta property=\"og:type\" content=\"article\" \/>\n<meta property=\"og:title\" content=\"Saiu no JOCA: O que \u00e9 diversidade? - Carlotas\" \/>\n<meta property=\"og:description\" content=\"Mat\u00e9ria para crian\u00e7as Voc\u00ea j\u00e1 deve ter ouvido a palavra diversidade, mas sabe o que significa? Ao contr\u00e1rio do que as pessoas pensam, n\u00e3o \u00e9 apenas sobre diferen\u00e7as. N\u00e3o caracteriza, define ou agrupa o que \u00e9 diferente de um padr\u00e3o. Significa tamb\u00e9m um grupo m\u00faltiplo, plural, de muitas possibilidades. Quando entendemos assim, faz muita diferen\u00e7a. [&hellip;]\" \/>\n<meta property=\"og:url\" content=\"https:\/\/carlotas.org\/bra\/saiu-no-joca-o-que-e-diversidade\/\" \/>\n<meta property=\"og:site_name\" content=\"Carlotas\" \/>\n<meta property=\"article:publisher\" content=\"https:\/\/www.facebook.com\/carlotasworld\" \/>\n<meta property=\"article:published_time\" content=\"2016-03-05T23:24:46+00:00\" \/>\n<meta property=\"article:modified_time\" content=\"2023-07-19T23:25:24+00:00\" \/>\n<meta property=\"og:image\" content=\"https:\/\/carlotas.org\/bra\/wp-content\/uploads\/2023\/07\/209snjoqed.jpg\" \/>\n\t<meta property=\"og:image:width\" content=\"1160\" \/>\n\t<meta property=\"og:image:height\" content=\"465\" \/>\n\t<meta property=\"og:image:type\" content=\"image\/jpeg\" \/>\n<meta name=\"author\" content=\"Fabiana Gutierrez\" \/>\n<meta name=\"twitter:card\" content=\"summary_large_image\" \/>\n<meta name=\"twitter:label1\" content=\"Escrito por\" \/>\n\t<meta name=\"twitter:data1\" content=\"Fabiana Gutierrez\" \/>\n\t<meta name=\"twitter:label2\" content=\"Est. tempo de leitura\" \/>\n\t<meta name=\"twitter:data2\" content=\"3 minutos\" \/>\n<script type=\"application\/ld+json\" class=\"yoast-schema-graph\">{\"@context\":\"https:\/\/schema.org\",\"@graph\":[{\"@type\":\"Article\",\"@id\":\"https:\/\/carlotas.org\/bra\/saiu-no-joca-o-que-e-diversidade\/#article\",\"isPartOf\":{\"@id\":\"https:\/\/carlotas.org\/bra\/saiu-no-joca-o-que-e-diversidade\/\"},\"author\":{\"name\":\"Fabiana Gutierrez\",\"@id\":\"https:\/\/carlotas.org\/bra\/#\/schema\/person\/f0c44654964132f2e4bb6a639951db65\"},\"headline\":\"Saiu no JOCA: O que \u00e9 diversidade?\",\"datePublished\":\"2016-03-05T23:24:46+00:00\",\"dateModified\":\"2023-07-19T23:25:24+00:00\",\"mainEntityOfPage\":{\"@id\":\"https:\/\/carlotas.org\/bra\/saiu-no-joca-o-que-e-diversidade\/\"},\"wordCount\":660,\"publisher\":{\"@id\":\"https:\/\/carlotas.org\/bra\/#organization\"},\"image\":{\"@id\":\"https:\/\/carlotas.org\/bra\/saiu-no-joca-o-que-e-diversidade\/#primaryimage\"},\"thumbnailUrl\":\"https:\/\/carlotas.org\/bra\/wp-content\/uploads\/2023\/07\/209snjoqed.jpg\",\"keywords\":[\"Diversidade e Inclus\u00e3o\",\"Fabiana Gutierrez\",\"Jornal Joca\",\"Refer\u00eancias\",\"Respeito\"],\"articleSection\":[\"Refer\u00eancias\"],\"inLanguage\":\"pt-BR\"},{\"@type\":\"WebPage\",\"@id\":\"https:\/\/carlotas.org\/bra\/saiu-no-joca-o-que-e-diversidade\/\",\"url\":\"https:\/\/carlotas.org\/bra\/saiu-no-joca-o-que-e-diversidade\/\",\"name\":\"Saiu no JOCA: O que \u00e9 diversidade? - Carlotas\",\"isPartOf\":{\"@id\":\"https:\/\/carlotas.org\/bra\/#website\"},\"primaryImageOfPage\":{\"@id\":\"https:\/\/carlotas.org\/bra\/saiu-no-joca-o-que-e-diversidade\/#primaryimage\"},\"image\":{\"@id\":\"https:\/\/carlotas.org\/bra\/saiu-no-joca-o-que-e-diversidade\/#primaryimage\"},\"thumbnailUrl\":\"https:\/\/carlotas.org\/bra\/wp-content\/uploads\/2023\/07\/209snjoqed.jpg\",\"datePublished\":\"2016-03-05T23:24:46+00:00\",\"dateModified\":\"2023-07-19T23:25:24+00:00\",\"breadcrumb\":{\"@id\":\"https:\/\/carlotas.org\/bra\/saiu-no-joca-o-que-e-diversidade\/#breadcrumb\"},\"inLanguage\":\"pt-BR\",\"potentialAction\":[{\"@type\":\"ReadAction\",\"target\":[\"https:\/\/carlotas.org\/bra\/saiu-no-joca-o-que-e-diversidade\/\"]}]},{\"@type\":\"ImageObject\",\"inLanguage\":\"pt-BR\",\"@id\":\"https:\/\/carlotas.org\/bra\/saiu-no-joca-o-que-e-diversidade\/#primaryimage\",\"url\":\"https:\/\/carlotas.org\/bra\/wp-content\/uploads\/2023\/07\/209snjoqed.jpg\",\"contentUrl\":\"https:\/\/carlotas.org\/bra\/wp-content\/uploads\/2023\/07\/209snjoqed.jpg\",\"width\":1160,\"height\":465},{\"@type\":\"BreadcrumbList\",\"@id\":\"https:\/\/carlotas.org\/bra\/saiu-no-joca-o-que-e-diversidade\/#breadcrumb\",\"itemListElement\":[{\"@type\":\"ListItem\",\"position\":1,\"name\":\"In\u00edcio\",\"item\":\"https:\/\/carlotas.org\/bra\/\"},{\"@type\":\"ListItem\",\"position\":2,\"name\":\"Saiu no JOCA: O que \u00e9 diversidade?\"}]},{\"@type\":\"WebSite\",\"@id\":\"https:\/\/carlotas.org\/bra\/#website\",\"url\":\"https:\/\/carlotas.org\/bra\/\",\"name\":\"Carlotas\",\"description\":\"A pot\u00eancia da empatia e A for\u00e7a da diversidade\",\"publisher\":{\"@id\":\"https:\/\/carlotas.org\/bra\/#organization\"},\"potentialAction\":[{\"@type\":\"SearchAction\",\"target\":{\"@type\":\"EntryPoint\",\"urlTemplate\":\"https:\/\/carlotas.org\/bra\/?s={search_term_string}\"},\"query-input\":{\"@type\":\"PropertyValueSpecification\",\"valueRequired\":true,\"valueName\":\"search_term_string\"}}],\"inLanguage\":\"pt-BR\"},{\"@type\":\"Organization\",\"@id\":\"https:\/\/carlotas.org\/bra\/#organization\",\"name\":\"Carlotas\",\"url\":\"https:\/\/carlotas.org\/bra\/\",\"logo\":{\"@type\":\"ImageObject\",\"inLanguage\":\"pt-BR\",\"@id\":\"https:\/\/carlotas.org\/bra\/#\/schema\/logo\/image\/\",\"url\":\"https:\/\/carlotas.org\/bra\/wp-content\/uploads\/2022\/11\/carlotas_logo.png\",\"contentUrl\":\"https:\/\/carlotas.org\/bra\/wp-content\/uploads\/2022\/11\/carlotas_logo.png\",\"width\":288,\"height\":47,\"caption\":\"Carlotas\"},\"image\":{\"@id\":\"https:\/\/carlotas.org\/bra\/#\/schema\/logo\/image\/\"},\"sameAs\":[\"https:\/\/www.facebook.com\/carlotasworld\",\"https:\/\/www.linkedin.com\/company\/3712330\/\",\"https:\/\/www.youtube.com\/channel\/UCkW318Qeld92l3fns2P87lA\",\"https:\/\/open.spotify.com\/show\/2PMlthYIkYi0uSvvBAYGKP\"]},{\"@type\":\"Person\",\"@id\":\"https:\/\/carlotas.org\/bra\/#\/schema\/person\/f0c44654964132f2e4bb6a639951db65\",\"name\":\"Fabiana Gutierrez\",\"image\":{\"@type\":\"ImageObject\",\"inLanguage\":\"pt-BR\",\"@id\":\"https:\/\/carlotas.org\/bra\/wp-content\/uploads\/2022\/12\/cropped-FabianaGutierrez-1-96x96.png\",\"url\":\"https:\/\/carlotas.org\/bra\/wp-content\/uploads\/2022\/12\/cropped-FabianaGutierrez-1-96x96.png\",\"contentUrl\":\"https:\/\/carlotas.org\/bra\/wp-content\/uploads\/2022\/12\/cropped-FabianaGutierrez-1-96x96.png\",\"caption\":\"Fabiana Gutierrez\"},\"description\":\"Comunicadora, f\u00e3 de redes sociais, blogueira, m\u00e3e, empreendedora social e feliz. N\u00e3o necessariamente nessa ordem. Descobri que o que n\u00e3o muda, \u00e9 que tudo muda. Apenas o que \u00e9 importante permanece porque o que n\u00e3o toca o cora\u00e7\u00e3o, n\u00e3o fica na mente. Tento viver o que acredito e por isso estou aqui.\"}]}<\/script>\n<!-- \/ Yoast SEO plugin. -->","yoast_head_json":{"title":"Saiu no JOCA: O que \u00e9 diversidade? - Carlotas","robots":{"index":"index","follow":"follow","max-snippet":"max-snippet:-1","max-image-preview":"max-image-preview:large","max-video-preview":"max-video-preview:-1"},"canonical":"https:\/\/carlotas.org\/bra\/saiu-no-joca-o-que-e-diversidade\/","og_locale":"pt_BR","og_type":"article","og_title":"Saiu no JOCA: O que \u00e9 diversidade? - Carlotas","og_description":"Mat\u00e9ria para crian\u00e7as Voc\u00ea j\u00e1 deve ter ouvido a palavra diversidade, mas sabe o que significa? Ao contr\u00e1rio do que as pessoas pensam, n\u00e3o \u00e9 apenas sobre diferen\u00e7as. N\u00e3o caracteriza, define ou agrupa o que \u00e9 diferente de um padr\u00e3o. Significa tamb\u00e9m um grupo m\u00faltiplo, plural, de muitas possibilidades. Quando entendemos assim, faz muita diferen\u00e7a. [&hellip;]","og_url":"https:\/\/carlotas.org\/bra\/saiu-no-joca-o-que-e-diversidade\/","og_site_name":"Carlotas","article_publisher":"https:\/\/www.facebook.com\/carlotasworld","article_published_time":"2016-03-05T23:24:46+00:00","article_modified_time":"2023-07-19T23:25:24+00:00","og_image":[{"width":1160,"height":465,"url":"https:\/\/carlotas.org\/bra\/wp-content\/uploads\/2023\/07\/209snjoqed.jpg","type":"image\/jpeg"}],"author":"Fabiana Gutierrez","twitter_card":"summary_large_image","twitter_misc":{"Escrito por":"Fabiana Gutierrez","Est. tempo de leitura":"3 minutos"},"schema":{"@context":"https:\/\/schema.org","@graph":[{"@type":"Article","@id":"https:\/\/carlotas.org\/bra\/saiu-no-joca-o-que-e-diversidade\/#article","isPartOf":{"@id":"https:\/\/carlotas.org\/bra\/saiu-no-joca-o-que-e-diversidade\/"},"author":{"name":"Fabiana Gutierrez","@id":"https:\/\/carlotas.org\/bra\/#\/schema\/person\/f0c44654964132f2e4bb6a639951db65"},"headline":"Saiu no JOCA: O que \u00e9 diversidade?","datePublished":"2016-03-05T23:24:46+00:00","dateModified":"2023-07-19T23:25:24+00:00","mainEntityOfPage":{"@id":"https:\/\/carlotas.org\/bra\/saiu-no-joca-o-que-e-diversidade\/"},"wordCount":660,"publisher":{"@id":"https:\/\/carlotas.org\/bra\/#organization"},"image":{"@id":"https:\/\/carlotas.org\/bra\/saiu-no-joca-o-que-e-diversidade\/#primaryimage"},"thumbnailUrl":"https:\/\/carlotas.org\/bra\/wp-content\/uploads\/2023\/07\/209snjoqed.jpg","keywords":["Diversidade e Inclus\u00e3o","Fabiana Gutierrez","Jornal Joca","Refer\u00eancias","Respeito"],"articleSection":["Refer\u00eancias"],"inLanguage":"pt-BR"},{"@type":"WebPage","@id":"https:\/\/carlotas.org\/bra\/saiu-no-joca-o-que-e-diversidade\/","url":"https:\/\/carlotas.org\/bra\/saiu-no-joca-o-que-e-diversidade\/","name":"Saiu no JOCA: O que \u00e9 diversidade? - Carlotas","isPartOf":{"@id":"https:\/\/carlotas.org\/bra\/#website"},"primaryImageOfPage":{"@id":"https:\/\/carlotas.org\/bra\/saiu-no-joca-o-que-e-diversidade\/#primaryimage"},"image":{"@id":"https:\/\/carlotas.org\/bra\/saiu-no-joca-o-que-e-diversidade\/#primaryimage"},"thumbnailUrl":"https:\/\/carlotas.org\/bra\/wp-content\/uploads\/2023\/07\/209snjoqed.jpg","datePublished":"2016-03-05T23:24:46+00:00","dateModified":"2023-07-19T23:25:24+00:00","breadcrumb":{"@id":"https:\/\/carlotas.org\/bra\/saiu-no-joca-o-que-e-diversidade\/#breadcrumb"},"inLanguage":"pt-BR","potentialAction":[{"@type":"ReadAction","target":["https:\/\/carlotas.org\/bra\/saiu-no-joca-o-que-e-diversidade\/"]}]},{"@type":"ImageObject","inLanguage":"pt-BR","@id":"https:\/\/carlotas.org\/bra\/saiu-no-joca-o-que-e-diversidade\/#primaryimage","url":"https:\/\/carlotas.org\/bra\/wp-content\/uploads\/2023\/07\/209snjoqed.jpg","contentUrl":"https:\/\/carlotas.org\/bra\/wp-content\/uploads\/2023\/07\/209snjoqed.jpg","width":1160,"height":465},{"@type":"BreadcrumbList","@id":"https:\/\/carlotas.org\/bra\/saiu-no-joca-o-que-e-diversidade\/#breadcrumb","itemListElement":[{"@type":"ListItem","position":1,"name":"In\u00edcio","item":"https:\/\/carlotas.org\/bra\/"},{"@type":"ListItem","position":2,"name":"Saiu no JOCA: O que \u00e9 diversidade?"}]},{"@type":"WebSite","@id":"https:\/\/carlotas.org\/bra\/#website","url":"https:\/\/carlotas.org\/bra\/","name":"Carlotas","description":"A pot\u00eancia da empatia e A for\u00e7a da diversidade","publisher":{"@id":"https:\/\/carlotas.org\/bra\/#organization"},"potentialAction":[{"@type":"SearchAction","target":{"@type":"EntryPoint","urlTemplate":"https:\/\/carlotas.org\/bra\/?s={search_term_string}"},"query-input":{"@type":"PropertyValueSpecification","valueRequired":true,"valueName":"search_term_string"}}],"inLanguage":"pt-BR"},{"@type":"Organization","@id":"https:\/\/carlotas.org\/bra\/#organization","name":"Carlotas","url":"https:\/\/carlotas.org\/bra\/","logo":{"@type":"ImageObject","inLanguage":"pt-BR","@id":"https:\/\/carlotas.org\/bra\/#\/schema\/logo\/image\/","url":"https:\/\/carlotas.org\/bra\/wp-content\/uploads\/2022\/11\/carlotas_logo.png","contentUrl":"https:\/\/carlotas.org\/bra\/wp-content\/uploads\/2022\/11\/carlotas_logo.png","width":288,"height":47,"caption":"Carlotas"},"image":{"@id":"https:\/\/carlotas.org\/bra\/#\/schema\/logo\/image\/"},"sameAs":["https:\/\/www.facebook.com\/carlotasworld","https:\/\/www.linkedin.com\/company\/3712330\/","https:\/\/www.youtube.com\/channel\/UCkW318Qeld92l3fns2P87lA","https:\/\/open.spotify.com\/show\/2PMlthYIkYi0uSvvBAYGKP"]},{"@type":"Person","@id":"https:\/\/carlotas.org\/bra\/#\/schema\/person\/f0c44654964132f2e4bb6a639951db65","name":"Fabiana Gutierrez","image":{"@type":"ImageObject","inLanguage":"pt-BR","@id":"https:\/\/carlotas.org\/bra\/wp-content\/uploads\/2022\/12\/cropped-FabianaGutierrez-1-96x96.png","url":"https:\/\/carlotas.org\/bra\/wp-content\/uploads\/2022\/12\/cropped-FabianaGutierrez-1-96x96.png","contentUrl":"https:\/\/carlotas.org\/bra\/wp-content\/uploads\/2022\/12\/cropped-FabianaGutierrez-1-96x96.png","caption":"Fabiana Gutierrez"},"description":"Comunicadora, f\u00e3 de redes sociais, blogueira, m\u00e3e, empreendedora social e feliz. N\u00e3o necessariamente nessa ordem. Descobri que o que n\u00e3o muda, \u00e9 que tudo muda. Apenas o que \u00e9 importante permanece porque o que n\u00e3o toca o cora\u00e7\u00e3o, n\u00e3o fica na mente. Tento viver o que acredito e por isso estou aqui."}]}},"_links":{"self":[{"href":"https:\/\/carlotas.org\/bra\/wp-json\/wp\/v2\/posts\/2954","targetHints":{"allow":["GET"]}}],"collection":[{"href":"https:\/\/carlotas.org\/bra\/wp-json\/wp\/v2\/posts"}],"about":[{"href":"https:\/\/carlotas.org\/bra\/wp-json\/wp\/v2\/types\/post"}],"author":[{"embeddable":true,"href":"https:\/\/carlotas.org\/bra\/wp-json\/wp\/v2\/users\/6"}],"replies":[{"embeddable":true,"href":"https:\/\/carlotas.org\/bra\/wp-json\/wp\/v2\/comments?post=2954"}],"version-history":[{"count":1,"href":"https:\/\/carlotas.org\/bra\/wp-json\/wp\/v2\/posts\/2954\/revisions"}],"predecessor-version":[{"id":2957,"href":"https:\/\/carlotas.org\/bra\/wp-json\/wp\/v2\/posts\/2954\/revisions\/2957"}],"wp:featuredmedia":[{"embeddable":true,"href":"https:\/\/carlotas.org\/bra\/wp-json\/wp\/v2\/media\/2956"}],"wp:attachment":[{"href":"https:\/\/carlotas.org\/bra\/wp-json\/wp\/v2\/media?parent=2954"}],"wp:term":[{"taxonomy":"category","embeddable":true,"href":"https:\/\/carlotas.org\/bra\/wp-json\/wp\/v2\/categories?post=2954"},{"taxonomy":"post_tag","embeddable":true,"href":"https:\/\/carlotas.org\/bra\/wp-json\/wp\/v2\/tags?post=2954"}],"curies":[{"name":"wp","href":"https:\/\/api.w.org\/{rel}","templated":true}]}}