{"id":3064,"date":"2025-07-29T00:00:29","date_gmt":"2025-07-29T00:00:29","guid":{"rendered":"https:\/\/carlotas.org\/bra\/?p=3064"},"modified":"2025-07-28T15:39:38","modified_gmt":"2025-07-28T15:39:38","slug":"as-amizades-inspiradoras-em-carlotas","status":"publish","type":"post","link":"https:\/\/carlotas.org\/bra\/as-amizades-inspiradoras-em-carlotas\/","title":{"rendered":"Hist\u00f3rias de amizades inspiradoras"},"content":{"rendered":"<p><span style=\"font-weight: 400;\">Em 2011, durante a 65\u00aa sess\u00e3o da ONU e dentro do assunto sobre cultura de paz, foi reconhecida a import\u00e2ncia do tema amizade na vida dos seres humanos. A partir de ent\u00e3o, decidiu-se designar o dia 30 de julho como o Dia Internacional da Amizade. Essa iniciativa foi apresentada conjuntamente por 43 pa\u00edses, incluindo o Brasil.<\/span><b> O objetivo deste dia \u00e9 fomentar a ideia de que a amizade entre povos, pa\u00edses, culturas e indiv\u00edduos possam inspirar os esfor\u00e7os de paz e construir pontes entre as comunidades.<\/b><\/p>\n<p><span style=\"font-weight: 400;\">Em Carlotas, esse tema \u00e9 muito importante e inspirador, principalmente nas nossas conversas com as escolas. Por isso, criamos alguns personagens que nos apoiam em nossos di\u00e1logos. Seguem alguns:<\/span><\/p>\n<p><img fetchpriority=\"high\" decoding=\"async\" class=\"aligncenter wp-image-3081 size-full\" src=\"https:\/\/carlotas.org\/bra\/wp-content\/uploads\/2023\/07\/Imagem-interna-1.png\" alt=\"O DESENHO DOS PERSONAGENS DO TEXTO\" width=\"1250\" height=\"595\" srcset=\"https:\/\/carlotas.org\/bra\/wp-content\/uploads\/2023\/07\/Imagem-interna-1.png 1250w, https:\/\/carlotas.org\/bra\/wp-content\/uploads\/2023\/07\/Imagem-interna-1-300x143.png 300w, https:\/\/carlotas.org\/bra\/wp-content\/uploads\/2023\/07\/Imagem-interna-1-1024x487.png 1024w, https:\/\/carlotas.org\/bra\/wp-content\/uploads\/2023\/07\/Imagem-interna-1-768x366.png 768w\" sizes=\"(max-width: 1250px) 100vw, 1250px\" \/><\/p>\n<h5><strong>&#8211; BELLA E CAETANO<\/strong><\/h5>\n<p><span style=\"font-weight: 400;\">Quem disse que em carlotas n\u00e3o abordamos a amizade entre dois seres bem diferentes! <\/span><\/p>\n<p><span style=\"font-weight: 400;\">A hist\u00f3ria de Bella e Caetano \u00e9 uma daquelas inspiradoras. Essa amizade toca na import\u00e2ncia de explorarmos novos pontos de vista e estar aberto p<\/span><span style=\"font-weight: 400;\">ara experienciar algo novo, como aconteceu na vida desses dois amigos.<\/span><\/p>\n<p><span style=\"font-weight: 400;\"> Acesse essa h<\/span><span style=\"font-weight: 400;\">ist\u00f3ria aqui: <\/span><span style=\"text-decoration: underline;\"><em><strong><a href=\"https:\/\/carlotas.org\/bra\/bella-e-caetano-uma-amizade-que-parecia-impossivel-e-agora-e-gigante\/\">Bella e Caetano, uma amizade que parecia imposs\u00edvel e agora \u00e9 gigante!<\/a><\/strong><\/em><\/span><\/p>\n<h5><strong>&#8211; SULA E FEFA<\/strong><\/h5>\n<p><span style=\"font-weight: 400;\">Duas amigas que acabaram de se conhecer, mas quem as encontra na rua, acha que essa amizade vem de longa data.\u00a0 <\/span><span style=\"font-weight: 400;\">Elas mostram como \u00e9 poss\u00edvel encontrar pontos em comum,\u00a0 mesmo sendo de culturas t\u00e3o diferentes.\u00a0 <\/span><\/p>\n<p><span style=\"font-weight: 400;\">Para saber mais sobre as duas amigas,\u00a0 acesse aqui: <\/span><span style=\"text-decoration: underline;\"><em><strong><a href=\"https:\/\/carlotas.org\/bra\/sula-e-fefa-duas-amigas-que-acabaram-de-se-conhecer\/\">Sula e Fefa, duas amigas que acabaram de se conhecer.<\/a><\/strong><\/em><\/span><\/p>\n<h5><strong>&#8211; SONNY E VERA<\/strong><\/h5>\n<p><span style=\"font-weight: 400;\">Essa \u00e9 uma amizade que nasceu no acaso, n\u00e3o foi na escola, nem entre vizinhos, n\u00e3o teve um amigo que apresentou um ao outro.<\/span><\/p>\n<p><span style=\"font-weight: 400;\"> Vera e Sonny se encontram todos os dias na plataforma do metr\u00f4 ou \u00e0s vezes na cal\u00e7ada antes de entrar na esta\u00e7\u00e3o.<\/span><span style=\"font-weight: 400;\"> H\u00e1 uma particularidade entre os dois.\u00a0 <\/span><span style=\"font-weight: 400;\">Vale a pena conhecer e se encantar com essa rela\u00e7\u00e3o.\u00a0 Acesse essa hist\u00f3ria aqui: <\/span><span style=\"text-decoration: underline;\"><a href=\"https:\/\/carlotas.org\/bra\/vera-e-sonny-foram-inspirados-no-dia-da-boa-acao\/\"><em><strong>Vera e Sonny foram inspirados no Dia da Boa A\u00e7\u00e3o.<\/strong><\/em><\/a><\/span><\/p>\n<p><span style=\"font-weight: 400;\">Celebrar essa data \u00e9 se conscientizar sobre a import\u00e2ncia da promo\u00e7\u00e3o de di\u00e1logo entre povos de um mesmo pa\u00eds, como tamb\u00e9m, entre povos de pa\u00edses e culturas diferentes, criando novas pontes entre as comunidades e celebrando a diversidade. <\/span><\/p>\n<p>&nbsp;<\/p>\n<p><!--more--><\/p>\n<p><em>Artigo postado originalmente em 29 de Julho de 2024 e repostado para o dia Internacional da Amizade deste ano.<\/em><\/p>\n<p>Gostou do texto: &#8220;Hist\u00f3rias de Amizades Inspiradoras&#8221;?<\/p>\n<p>Leia tamb\u00e9m: <a href=\"https:\/\/carlotas.org\/bra\/personagens-reais-e-historias-algumas-acoes-sobre-refugio-e-imigracao\/\" target=\"_blank\" rel=\"noopener\"><strong><span style=\"text-decoration: underline;\">Personagens Reais e Hist\u00f3rias. Algumas a\u00e7\u00f5es sobre Ref\u00fagio e Imigra\u00e7\u00e3o<\/span><\/strong><\/a><\/p>\n","protected":false},"excerpt":{"rendered":"<p>Em 2011, durante a 65\u00aa sess\u00e3o da ONU e dentro do assunto sobre cultura de paz, foi reconhecida a import\u00e2ncia do tema amizade na vida dos seres humanos. A partir de ent\u00e3o, decidiu-se designar o dia 30 de julho como o Dia Internacional da Amizade. Essa iniciativa foi apresentada conjuntamente por 43 pa\u00edses, incluindo o [&hellip;]<\/p>\n","protected":false},"author":7,"featured_media":8473,"comment_status":"closed","ping_status":"closed","sticky":false,"template":"","format":"standard","meta":{"_acf_changed":false,"om_disable_all_campaigns":false,"_monsterinsights_skip_tracking":false,"_monsterinsights_sitenote_active":false,"_monsterinsights_sitenote_note":"","_monsterinsights_sitenote_category":0,"_uf_show_specific_survey":0,"_uf_disable_surveys":false,"footnotes":""},"categories":[10],"tags":[77,532,34,31,442,319],"class_list":["post-3064","post","type-post","status-publish","format-standard","has-post-thumbnail","hentry","category-referencias","tag-bella-e-caetano","tag-data-relevante","tag-fernanda-martins-gutierrez","tag-referencias","tag-sonny-e-vera","tag-sula-e-fefa"],"acf":[],"yoast_head":"<!-- This site is optimized with the Yoast SEO plugin v27.2 - https:\/\/yoast.com\/product\/yoast-seo-wordpress\/ -->\n<title>Hist\u00f3rias de amizades inspiradoras - Carlotas<\/title>\n<meta name=\"description\" content=\"&quot;Conhe\u00e7a o significado do Dia Internacional da Amizade e descubra hist\u00f3rias inspiradoras de la\u00e7os improv\u00e1veis entre personagens de Carlotas, que promovem empatia, diversidade e di\u00e1logo entre culturas.&quot;\" \/>\n<meta name=\"robots\" content=\"index, follow, max-snippet:-1, max-image-preview:large, max-video-preview:-1\" \/>\n<link rel=\"canonical\" href=\"https:\/\/carlotas.org\/bra\/as-amizades-inspiradoras-em-carlotas\/\" \/>\n<meta property=\"og:locale\" content=\"pt_BR\" \/>\n<meta property=\"og:type\" content=\"article\" \/>\n<meta property=\"og:title\" content=\"Hist\u00f3rias de amizades inspiradoras - Carlotas\" \/>\n<meta property=\"og:description\" content=\"&quot;Conhe\u00e7a o significado do Dia Internacional da Amizade e descubra hist\u00f3rias inspiradoras de la\u00e7os improv\u00e1veis entre personagens de Carlotas, que promovem empatia, diversidade e di\u00e1logo entre culturas.&quot;\" \/>\n<meta property=\"og:url\" content=\"https:\/\/carlotas.org\/bra\/as-amizades-inspiradoras-em-carlotas\/\" \/>\n<meta property=\"og:site_name\" content=\"Carlotas\" \/>\n<meta property=\"article:publisher\" content=\"https:\/\/www.facebook.com\/carlotasworld\" \/>\n<meta property=\"article:published_time\" content=\"2025-07-29T00:00:29+00:00\" \/>\n<meta property=\"og:image\" content=\"https:\/\/carlotas.org\/bra\/wp-content\/uploads\/2025\/07\/Dia-Internacional-da-Amizade-1.png\" \/>\n\t<meta property=\"og:image:width\" content=\"1250\" \/>\n\t<meta property=\"og:image:height\" content=\"595\" \/>\n\t<meta property=\"og:image:type\" content=\"image\/png\" \/>\n<meta name=\"author\" content=\"Fernanda Martins Gutierrez\" \/>\n<meta name=\"twitter:card\" content=\"summary_large_image\" \/>\n<meta name=\"twitter:label1\" content=\"Escrito por\" \/>\n\t<meta name=\"twitter:data1\" content=\"Fernanda Martins Gutierrez\" \/>\n\t<meta name=\"twitter:label2\" content=\"Est. tempo de leitura\" \/>\n\t<meta name=\"twitter:data2\" content=\"3 minutos\" \/>\n<script type=\"application\/ld+json\" class=\"yoast-schema-graph\">{\"@context\":\"https:\/\/schema.org\",\"@graph\":[{\"@type\":\"Article\",\"@id\":\"https:\/\/carlotas.org\/bra\/as-amizades-inspiradoras-em-carlotas\/#article\",\"isPartOf\":{\"@id\":\"https:\/\/carlotas.org\/bra\/as-amizades-inspiradoras-em-carlotas\/\"},\"author\":{\"name\":\"Fernanda Martins Gutierrez\",\"@id\":\"https:\/\/carlotas.org\/bra\/#\/schema\/person\/43f8e8ba5b2b5fc11160449e05709465\"},\"headline\":\"Hist\u00f3rias de amizades inspiradoras\",\"datePublished\":\"2025-07-29T00:00:29+00:00\",\"mainEntityOfPage\":{\"@id\":\"https:\/\/carlotas.org\/bra\/as-amizades-inspiradoras-em-carlotas\/\"},\"wordCount\":428,\"publisher\":{\"@id\":\"https:\/\/carlotas.org\/bra\/#organization\"},\"image\":{\"@id\":\"https:\/\/carlotas.org\/bra\/as-amizades-inspiradoras-em-carlotas\/#primaryimage\"},\"thumbnailUrl\":\"https:\/\/carlotas.org\/bra\/wp-content\/uploads\/2025\/07\/Dia-Internacional-da-Amizade-1.png\",\"keywords\":[\"Bella e Caetano\",\"Data Relevante\",\"Fernanda Martins Gutierrez\",\"Refer\u00eancias\",\"Sonny e Vera\",\"Sula e Fefa\"],\"articleSection\":[\"Refer\u00eancias\"],\"inLanguage\":\"pt-BR\"},{\"@type\":\"WebPage\",\"@id\":\"https:\/\/carlotas.org\/bra\/as-amizades-inspiradoras-em-carlotas\/\",\"url\":\"https:\/\/carlotas.org\/bra\/as-amizades-inspiradoras-em-carlotas\/\",\"name\":\"Hist\u00f3rias de amizades inspiradoras - Carlotas\",\"isPartOf\":{\"@id\":\"https:\/\/carlotas.org\/bra\/#website\"},\"primaryImageOfPage\":{\"@id\":\"https:\/\/carlotas.org\/bra\/as-amizades-inspiradoras-em-carlotas\/#primaryimage\"},\"image\":{\"@id\":\"https:\/\/carlotas.org\/bra\/as-amizades-inspiradoras-em-carlotas\/#primaryimage\"},\"thumbnailUrl\":\"https:\/\/carlotas.org\/bra\/wp-content\/uploads\/2025\/07\/Dia-Internacional-da-Amizade-1.png\",\"datePublished\":\"2025-07-29T00:00:29+00:00\",\"description\":\"\\\"Conhe\u00e7a o significado do Dia Internacional da Amizade e descubra hist\u00f3rias inspiradoras de la\u00e7os improv\u00e1veis entre personagens de Carlotas, que promovem empatia, diversidade e di\u00e1logo entre culturas.\\\"\",\"breadcrumb\":{\"@id\":\"https:\/\/carlotas.org\/bra\/as-amizades-inspiradoras-em-carlotas\/#breadcrumb\"},\"inLanguage\":\"pt-BR\",\"potentialAction\":[{\"@type\":\"ReadAction\",\"target\":[\"https:\/\/carlotas.org\/bra\/as-amizades-inspiradoras-em-carlotas\/\"]}]},{\"@type\":\"ImageObject\",\"inLanguage\":\"pt-BR\",\"@id\":\"https:\/\/carlotas.org\/bra\/as-amizades-inspiradoras-em-carlotas\/#primaryimage\",\"url\":\"https:\/\/carlotas.org\/bra\/wp-content\/uploads\/2025\/07\/Dia-Internacional-da-Amizade-1.png\",\"contentUrl\":\"https:\/\/carlotas.org\/bra\/wp-content\/uploads\/2025\/07\/Dia-Internacional-da-Amizade-1.png\",\"width\":1250,\"height\":595,\"caption\":\"Dia Internacional da Amizade\"},{\"@type\":\"BreadcrumbList\",\"@id\":\"https:\/\/carlotas.org\/bra\/as-amizades-inspiradoras-em-carlotas\/#breadcrumb\",\"itemListElement\":[{\"@type\":\"ListItem\",\"position\":1,\"name\":\"In\u00edcio\",\"item\":\"https:\/\/carlotas.org\/bra\/\"},{\"@type\":\"ListItem\",\"position\":2,\"name\":\"Hist\u00f3rias de amizades inspiradoras\"}]},{\"@type\":\"WebSite\",\"@id\":\"https:\/\/carlotas.org\/bra\/#website\",\"url\":\"https:\/\/carlotas.org\/bra\/\",\"name\":\"Carlotas\",\"description\":\"A pot\u00eancia da empatia e A for\u00e7a da diversidade\",\"publisher\":{\"@id\":\"https:\/\/carlotas.org\/bra\/#organization\"},\"potentialAction\":[{\"@type\":\"SearchAction\",\"target\":{\"@type\":\"EntryPoint\",\"urlTemplate\":\"https:\/\/carlotas.org\/bra\/?s={search_term_string}\"},\"query-input\":{\"@type\":\"PropertyValueSpecification\",\"valueRequired\":true,\"valueName\":\"search_term_string\"}}],\"inLanguage\":\"pt-BR\"},{\"@type\":\"Organization\",\"@id\":\"https:\/\/carlotas.org\/bra\/#organization\",\"name\":\"Carlotas\",\"url\":\"https:\/\/carlotas.org\/bra\/\",\"logo\":{\"@type\":\"ImageObject\",\"inLanguage\":\"pt-BR\",\"@id\":\"https:\/\/carlotas.org\/bra\/#\/schema\/logo\/image\/\",\"url\":\"https:\/\/carlotas.org\/bra\/wp-content\/uploads\/2022\/11\/carlotas_logo.png\",\"contentUrl\":\"https:\/\/carlotas.org\/bra\/wp-content\/uploads\/2022\/11\/carlotas_logo.png\",\"width\":288,\"height\":47,\"caption\":\"Carlotas\"},\"image\":{\"@id\":\"https:\/\/carlotas.org\/bra\/#\/schema\/logo\/image\/\"},\"sameAs\":[\"https:\/\/www.facebook.com\/carlotasworld\",\"https:\/\/www.linkedin.com\/company\/3712330\/\",\"https:\/\/www.youtube.com\/channel\/UCkW318Qeld92l3fns2P87lA\",\"https:\/\/open.spotify.com\/show\/2PMlthYIkYi0uSvvBAYGKP\"]},{\"@type\":\"Person\",\"@id\":\"https:\/\/carlotas.org\/bra\/#\/schema\/person\/43f8e8ba5b2b5fc11160449e05709465\",\"name\":\"Fernanda Martins Gutierrez\",\"image\":{\"@type\":\"ImageObject\",\"inLanguage\":\"pt-BR\",\"@id\":\"https:\/\/carlotas.org\/bra\/wp-content\/uploads\/2022\/12\/cropped-52fernandam-96x96.png\",\"url\":\"https:\/\/carlotas.org\/bra\/wp-content\/uploads\/2022\/12\/cropped-52fernandam-96x96.png\",\"contentUrl\":\"https:\/\/carlotas.org\/bra\/wp-content\/uploads\/2022\/12\/cropped-52fernandam-96x96.png\",\"caption\":\"Fernanda Martins Gutierrez\"},\"description\":\"Nasci em Curitiba e vim para S\u00e3o Paulo com poucos meses de vida. Atualmente divido a calmaria do campo com a agita\u00e7\u00e3o da cidade. Sou advogada de forma\u00e7\u00e3o, entretanto, nunca me encaixei na advocacia litigante ensinada pelas faculdades. Fui para o campo da Justi\u00e7a restaurativa e media\u00e7\u00e3o de conflitos. Como consequ\u00eancia desses dois trabalhos, me formei em psican\u00e1lise. Trabalho em Carlotas com pessoas incr\u00edveis acolhendo as escolas e apoiando o jornal.\"}]}<\/script>\n<!-- \/ Yoast SEO plugin. -->","yoast_head_json":{"title":"Hist\u00f3rias de amizades inspiradoras - Carlotas","description":"\"Conhe\u00e7a o significado do Dia Internacional da Amizade e descubra hist\u00f3rias inspiradoras de la\u00e7os improv\u00e1veis entre personagens de Carlotas, que promovem empatia, diversidade e di\u00e1logo entre culturas.\"","robots":{"index":"index","follow":"follow","max-snippet":"max-snippet:-1","max-image-preview":"max-image-preview:large","max-video-preview":"max-video-preview:-1"},"canonical":"https:\/\/carlotas.org\/bra\/as-amizades-inspiradoras-em-carlotas\/","og_locale":"pt_BR","og_type":"article","og_title":"Hist\u00f3rias de amizades inspiradoras - Carlotas","og_description":"\"Conhe\u00e7a o significado do Dia Internacional da Amizade e descubra hist\u00f3rias inspiradoras de la\u00e7os improv\u00e1veis entre personagens de Carlotas, que promovem empatia, diversidade e di\u00e1logo entre culturas.\"","og_url":"https:\/\/carlotas.org\/bra\/as-amizades-inspiradoras-em-carlotas\/","og_site_name":"Carlotas","article_publisher":"https:\/\/www.facebook.com\/carlotasworld","article_published_time":"2025-07-29T00:00:29+00:00","og_image":[{"width":1250,"height":595,"url":"https:\/\/carlotas.org\/bra\/wp-content\/uploads\/2025\/07\/Dia-Internacional-da-Amizade-1.png","type":"image\/png"}],"author":"Fernanda Martins Gutierrez","twitter_card":"summary_large_image","twitter_misc":{"Escrito por":"Fernanda Martins Gutierrez","Est. tempo de leitura":"3 minutos"},"schema":{"@context":"https:\/\/schema.org","@graph":[{"@type":"Article","@id":"https:\/\/carlotas.org\/bra\/as-amizades-inspiradoras-em-carlotas\/#article","isPartOf":{"@id":"https:\/\/carlotas.org\/bra\/as-amizades-inspiradoras-em-carlotas\/"},"author":{"name":"Fernanda Martins Gutierrez","@id":"https:\/\/carlotas.org\/bra\/#\/schema\/person\/43f8e8ba5b2b5fc11160449e05709465"},"headline":"Hist\u00f3rias de amizades inspiradoras","datePublished":"2025-07-29T00:00:29+00:00","mainEntityOfPage":{"@id":"https:\/\/carlotas.org\/bra\/as-amizades-inspiradoras-em-carlotas\/"},"wordCount":428,"publisher":{"@id":"https:\/\/carlotas.org\/bra\/#organization"},"image":{"@id":"https:\/\/carlotas.org\/bra\/as-amizades-inspiradoras-em-carlotas\/#primaryimage"},"thumbnailUrl":"https:\/\/carlotas.org\/bra\/wp-content\/uploads\/2025\/07\/Dia-Internacional-da-Amizade-1.png","keywords":["Bella e Caetano","Data Relevante","Fernanda Martins Gutierrez","Refer\u00eancias","Sonny e Vera","Sula e Fefa"],"articleSection":["Refer\u00eancias"],"inLanguage":"pt-BR"},{"@type":"WebPage","@id":"https:\/\/carlotas.org\/bra\/as-amizades-inspiradoras-em-carlotas\/","url":"https:\/\/carlotas.org\/bra\/as-amizades-inspiradoras-em-carlotas\/","name":"Hist\u00f3rias de amizades inspiradoras - Carlotas","isPartOf":{"@id":"https:\/\/carlotas.org\/bra\/#website"},"primaryImageOfPage":{"@id":"https:\/\/carlotas.org\/bra\/as-amizades-inspiradoras-em-carlotas\/#primaryimage"},"image":{"@id":"https:\/\/carlotas.org\/bra\/as-amizades-inspiradoras-em-carlotas\/#primaryimage"},"thumbnailUrl":"https:\/\/carlotas.org\/bra\/wp-content\/uploads\/2025\/07\/Dia-Internacional-da-Amizade-1.png","datePublished":"2025-07-29T00:00:29+00:00","description":"\"Conhe\u00e7a o significado do Dia Internacional da Amizade e descubra hist\u00f3rias inspiradoras de la\u00e7os improv\u00e1veis entre personagens de Carlotas, que promovem empatia, diversidade e di\u00e1logo entre culturas.\"","breadcrumb":{"@id":"https:\/\/carlotas.org\/bra\/as-amizades-inspiradoras-em-carlotas\/#breadcrumb"},"inLanguage":"pt-BR","potentialAction":[{"@type":"ReadAction","target":["https:\/\/carlotas.org\/bra\/as-amizades-inspiradoras-em-carlotas\/"]}]},{"@type":"ImageObject","inLanguage":"pt-BR","@id":"https:\/\/carlotas.org\/bra\/as-amizades-inspiradoras-em-carlotas\/#primaryimage","url":"https:\/\/carlotas.org\/bra\/wp-content\/uploads\/2025\/07\/Dia-Internacional-da-Amizade-1.png","contentUrl":"https:\/\/carlotas.org\/bra\/wp-content\/uploads\/2025\/07\/Dia-Internacional-da-Amizade-1.png","width":1250,"height":595,"caption":"Dia Internacional da Amizade"},{"@type":"BreadcrumbList","@id":"https:\/\/carlotas.org\/bra\/as-amizades-inspiradoras-em-carlotas\/#breadcrumb","itemListElement":[{"@type":"ListItem","position":1,"name":"In\u00edcio","item":"https:\/\/carlotas.org\/bra\/"},{"@type":"ListItem","position":2,"name":"Hist\u00f3rias de amizades inspiradoras"}]},{"@type":"WebSite","@id":"https:\/\/carlotas.org\/bra\/#website","url":"https:\/\/carlotas.org\/bra\/","name":"Carlotas","description":"A pot\u00eancia da empatia e A for\u00e7a da diversidade","publisher":{"@id":"https:\/\/carlotas.org\/bra\/#organization"},"potentialAction":[{"@type":"SearchAction","target":{"@type":"EntryPoint","urlTemplate":"https:\/\/carlotas.org\/bra\/?s={search_term_string}"},"query-input":{"@type":"PropertyValueSpecification","valueRequired":true,"valueName":"search_term_string"}}],"inLanguage":"pt-BR"},{"@type":"Organization","@id":"https:\/\/carlotas.org\/bra\/#organization","name":"Carlotas","url":"https:\/\/carlotas.org\/bra\/","logo":{"@type":"ImageObject","inLanguage":"pt-BR","@id":"https:\/\/carlotas.org\/bra\/#\/schema\/logo\/image\/","url":"https:\/\/carlotas.org\/bra\/wp-content\/uploads\/2022\/11\/carlotas_logo.png","contentUrl":"https:\/\/carlotas.org\/bra\/wp-content\/uploads\/2022\/11\/carlotas_logo.png","width":288,"height":47,"caption":"Carlotas"},"image":{"@id":"https:\/\/carlotas.org\/bra\/#\/schema\/logo\/image\/"},"sameAs":["https:\/\/www.facebook.com\/carlotasworld","https:\/\/www.linkedin.com\/company\/3712330\/","https:\/\/www.youtube.com\/channel\/UCkW318Qeld92l3fns2P87lA","https:\/\/open.spotify.com\/show\/2PMlthYIkYi0uSvvBAYGKP"]},{"@type":"Person","@id":"https:\/\/carlotas.org\/bra\/#\/schema\/person\/43f8e8ba5b2b5fc11160449e05709465","name":"Fernanda Martins Gutierrez","image":{"@type":"ImageObject","inLanguage":"pt-BR","@id":"https:\/\/carlotas.org\/bra\/wp-content\/uploads\/2022\/12\/cropped-52fernandam-96x96.png","url":"https:\/\/carlotas.org\/bra\/wp-content\/uploads\/2022\/12\/cropped-52fernandam-96x96.png","contentUrl":"https:\/\/carlotas.org\/bra\/wp-content\/uploads\/2022\/12\/cropped-52fernandam-96x96.png","caption":"Fernanda Martins Gutierrez"},"description":"Nasci em Curitiba e vim para S\u00e3o Paulo com poucos meses de vida. Atualmente divido a calmaria do campo com a agita\u00e7\u00e3o da cidade. Sou advogada de forma\u00e7\u00e3o, entretanto, nunca me encaixei na advocacia litigante ensinada pelas faculdades. Fui para o campo da Justi\u00e7a restaurativa e media\u00e7\u00e3o de conflitos. Como consequ\u00eancia desses dois trabalhos, me formei em psican\u00e1lise. Trabalho em Carlotas com pessoas incr\u00edveis acolhendo as escolas e apoiando o jornal."}]}},"_links":{"self":[{"href":"https:\/\/carlotas.org\/bra\/wp-json\/wp\/v2\/posts\/3064","targetHints":{"allow":["GET"]}}],"collection":[{"href":"https:\/\/carlotas.org\/bra\/wp-json\/wp\/v2\/posts"}],"about":[{"href":"https:\/\/carlotas.org\/bra\/wp-json\/wp\/v2\/types\/post"}],"author":[{"embeddable":true,"href":"https:\/\/carlotas.org\/bra\/wp-json\/wp\/v2\/users\/7"}],"replies":[{"embeddable":true,"href":"https:\/\/carlotas.org\/bra\/wp-json\/wp\/v2\/comments?post=3064"}],"version-history":[{"count":31,"href":"https:\/\/carlotas.org\/bra\/wp-json\/wp\/v2\/posts\/3064\/revisions"}],"predecessor-version":[{"id":8432,"href":"https:\/\/carlotas.org\/bra\/wp-json\/wp\/v2\/posts\/3064\/revisions\/8432"}],"wp:featuredmedia":[{"embeddable":true,"href":"https:\/\/carlotas.org\/bra\/wp-json\/wp\/v2\/media\/8473"}],"wp:attachment":[{"href":"https:\/\/carlotas.org\/bra\/wp-json\/wp\/v2\/media?parent=3064"}],"wp:term":[{"taxonomy":"category","embeddable":true,"href":"https:\/\/carlotas.org\/bra\/wp-json\/wp\/v2\/categories?post=3064"},{"taxonomy":"post_tag","embeddable":true,"href":"https:\/\/carlotas.org\/bra\/wp-json\/wp\/v2\/tags?post=3064"}],"curies":[{"name":"wp","href":"https:\/\/api.w.org\/{rel}","templated":true}]}}