{"id":3348,"date":"2023-08-20T10:43:47","date_gmt":"2023-08-20T10:43:47","guid":{"rendered":"https:\/\/carlotas.org\/bra\/?p=3348"},"modified":"2025-07-24T21:15:04","modified_gmt":"2025-07-24T21:15:04","slug":"tipos-de-deficiencia","status":"publish","type":"post","link":"https:\/\/carlotas.org\/bra\/tipos-de-deficiencia\/","title":{"rendered":"Tipos de Defici\u00eancia"},"content":{"rendered":"<p><span style=\"font-weight: 400;\">E sempre me perguntam quais tipos de defici\u00eancia existem<\/span><span style=\"font-weight: 400;\">. Afinal, como irei relatar abaixo, o que \u00e9 defici\u00eancia?<\/span><\/p>\n<blockquote><p><strong><em>Defici\u00eancia \u00e9 definida pela OMS como \u201cPerda permanente, total ou parcial, de uma ou mais funcionalidades do corpo (OMS)&#8221;.<\/em><\/strong><\/p><\/blockquote>\n<h4><b>Existem tr\u00eas contextos que dever\u00edamos nos atentar:<\/b><\/h4>\n<ol>\n<li><span style=\"font-weight: 400;\"><strong>Defici\u00eancia Permanente &#8211;<\/strong> uma situa\u00e7\u00e3o que permanentemente uma pessoa ter\u00e1 uma debilidade ou uma defici\u00eancia. Isso necessita de apoio, ferramentas, orienta\u00e7\u00e3o para ganhar mais autonomia. No meu caso, sou surdo permanente.<\/span><\/li>\n<li><span style=\"font-weight: 400;\"><strong>Defici\u00eancia Tempor\u00e1ria &#8211;<\/strong> uma situa\u00e7\u00e3o tempor\u00e1ria que a pessoa necessita de um apoio, ferramentas, orienta\u00e7\u00e3o para ganhar mais autonomia durante um per\u00edodo de tempo (superior a um dia), mas quando tratada, permite que o indiv\u00edduo volte \u00e0s suas condi\u00e7\u00f5es anteriores. Uma pessoa que quebrou um bra\u00e7o ou que teve uma infec\u00e7\u00e3o no ouvido. <\/span><\/li>\n<li><span style=\"font-weight: 400;\"><strong>Defici\u00eancia Situacional &#8211;<\/strong> uma situa\u00e7\u00e3o tempor\u00e1ria que a pessoa necessita de um apoio, ferramentas, orienta\u00e7\u00e3o para ganhar mais autonomia durante uma situa\u00e7\u00e3o. Na maioria dos casos\u00a0 \u00e9 uma condi\u00e7\u00e3o externa (que s\u00e3o moment\u00e2neas), como por exemplo, um beb\u00ea chorando ou uma crian\u00e7a pedindo colo.\u00a0<\/span><\/li>\n<\/ol>\n<h4><span style=\"color: #ff75a3;\"><b>E existem 5 tipos de defici\u00eancia,<br \/>\nsegundo o Minist\u00e9rio do Trabalho e Emprego:<\/b><\/span><\/h4>\n<h4><strong>1) Defici\u00eancia Visual ou Cegos &#8211; afeta 3,5% da popula\u00e7\u00e3o.<\/strong><\/h4>\n<p><span style=\"font-weight: 400;\">S\u00e3o pessoas que t\u00eam problemas visuais que comprometem a realiza\u00e7\u00e3o de suas atividades e que est\u00e1 dividida em :<\/span><\/p>\n<p><strong>a) cegueira<\/strong>, na qual a acuidade visual \u00e9 igual ou menor que 0,05 (20\/400) no melhor olho, com a melhor<br \/>\ncorre\u00e7\u00e3o \u00f3ptica;<br \/>\n<strong>b) baixa vis\u00e3o<\/strong>, que significa acuidade visual entre 0,3 (20\/60) e 0,05 (20\/400) no melhor olho, com a melhor<br \/>\ncorre\u00e7\u00e3o \u00f3ptica;<br \/>\n<strong>c) vis\u00e3o monocular,<\/strong> na qual a acuidade visual \u00e9 igual ou menor que 0,05 (20\/400) no olho prejudicado, com a<br \/>\nmelhor corre\u00e7\u00e3o \u00f3ptica;<br \/>\n<strong>d) somat\u00f3ria da medida do campo visual<\/strong> em ambos os olhos for igual ou menor que 60\u00b0;<br \/>\n<strong>e) ocorr\u00eancia simult\u00e2nea<\/strong> de quaisquer das condi\u00e7\u00f5es anteriores<\/p>\n<h4><strong>2) Defici\u00eancia F\u00edsica &#8211; afeta 2,3% da popula\u00e7\u00e3o.<\/strong><\/h4>\n<p><span style=\"font-weight: 400;\">Altera\u00e7\u00e3o completa ou parcial de um ou mais segmentos do corpo humano, acarretando o comprometimento da fun\u00e7\u00e3o f\u00edsica. Essa \u00e9 dividida em:<\/span><\/p>\n<p><strong>a) Altera\u00e7\u00f5es da for\u00e7a,<\/strong> como Monoplegia, Hemiplegia, a Tetraplegia ou Quadriplegia, que podem acontecer em diferentes graus.<br \/>\n<strong>b) Altera\u00e7\u00f5es Articulares,<br \/>\n<\/strong><strong>c) Ostomias, <\/strong>s\u00e3o aberturas no corpo, produzidas artificialmente pelo cirurgi\u00e3o, para garantir o tr\u00e2nsito de alimento, excretas ou ar quando ocorre obstru\u00e7\u00e3o. Conforme a localiza\u00e7\u00e3o no corpo, apresentam nomes diferentes: traqueostomia (respira\u00e7\u00e3o), colostomia, ileostomia (intestinos), urostomia (urina).<br \/>\n<strong>d) Nanismo<br \/>\n<\/strong><span style=\"font-weight: 400;\"><strong>e) Paralisia Cerebral (PC):<\/strong> \u00e9 a defici\u00eancia mais comum na inf\u00e2ncia e tem como caracter\u00edsticas altera\u00e7\u00f5es neurol\u00f3gicas permanentes que afetam o desenvolvimento motor e cognitivo, envolvendo o movimento e a postura do corpo.<br \/>\n<\/span><span style=\"font-weight: 400;\"><strong>f) Amputa\u00e7\u00f5es, aus\u00eancia ou deformidade de membros<br \/>\n<\/strong><\/span><strong>e) Outras altera\u00e7\u00f5es de segmentos corporais<\/strong>, como altera\u00e7\u00f5es articulares ou da coluna vertebral importantes e que limitam amplitude de movimentos e s\u00e3o sequelas definitivas, encurtamentos de membros inferiores, altera\u00e7\u00f5es permanentes do aparelho fonat\u00f3rio e a gagueira grave.<\/p>\n<p>Observa\u00e7\u00e3o:<\/p>\n<p><span style=\"font-weight: 400;\"><strong>Mobilidade reduzida:<\/strong> \u00e9 a situa\u00e7\u00e3o do indiv\u00edduo cujos movimentos s\u00e3o limitados em consequ\u00eancia da idade, de defici\u00eancia f\u00edsica (sensorial ou de locomo\u00e7\u00e3o, que pode ser permanente ou moment\u00e2nea) ou mental, necessitando de aten\u00e7\u00e3o especial ou adapta\u00e7\u00f5es nos ambientes.\u00a0<\/span><\/p>\n<p><span style=\"font-weight: 400;\">O artigo 3, inciso IX, da Lei 13.146 de 2015 &#8211; Estatuto da Pessoa com Defici\u00eancia prev\u00ea o conceito de pessoa com mobilidade reduzida. Disp\u00f5e o referido artigo:<\/span><\/p>\n<blockquote><p><em><span style=\"font-weight: 400;\"> \u201c\u00c9 aquela que tenha, por qualquer motivo, dificuldade de movimenta\u00e7\u00e3o, permanente ou tempor\u00e1rio, gerando redu\u00e7\u00e3o efetiva da mobilidade, da flexibilidade, da coordena\u00e7\u00e3o motora ou da percep\u00e7\u00e3o, incluindo idoso, gestante, lactante, pessoa com crian\u00e7a de colo, obeso&#8221;.\u00a0 <\/span><\/em><\/p><\/blockquote>\n<p><span style=\"font-weight: 400;\"><strong>LEGAL QUE A LEI J\u00c1 PREV\u00ca SOBRE ISSO!<\/strong><\/span><\/p>\n<h4><strong>3) Defici\u00eancias Intelectuais &#8211; afeta 1,4% da popula\u00e7\u00e3o.\u00a0<\/strong><\/h4>\n<p><span style=\"font-weight: 400;\">Funcionamento intelectual significativamente inferior \u00e0 m\u00e9dia e limita\u00e7\u00f5es associadas a duas ou mais habilidades adaptativas, tais como: Comunica\u00e7\u00e3o; Cuidado pessoal; Habilidades sociais; Utiliza\u00e7\u00e3o de recursos da comunidade; Sa\u00fade e seguran\u00e7a; Habilidades acad\u00eamicas; Lazer; e Trabalho. <\/span><span style=\"font-weight: 400;\">S\u00e3o elas:<\/span><\/p>\n<p><strong>a) S\u00edndrome de Down<\/strong><br \/>\n<strong>b) Outras S\u00edndromes<\/strong><\/p>\n<h4><strong>4) Defici\u00eancias Mental\/ Psicossocial<\/strong><\/h4>\n<p><strong>a) Transtorno do Espectro Autista (TEA);<\/strong><br \/>\n<strong>b) Defici\u00eancia Psicossocial,<\/strong> como a Esquizofrenia e outros transtornos psic\u00f3ticos, excluindo aqueles de curta dura\u00e7\u00e3o.<br \/>\n<strong>c) S\u00edndromes Epil\u00e9pticas<\/strong><\/p>\n<figure id=\"attachment_8671\" aria-describedby=\"caption-attachment-8671\" style=\"width: 1250px\" class=\"wp-caption alignnone\"><img fetchpriority=\"high\" decoding=\"async\" class=\"wp-image-8671 size-full\" src=\"https:\/\/carlotas.org\/bra\/wp-content\/uploads\/2023\/08\/Header-Jornal-5.png\" alt=\"diagrama Defici\u00eancia mental e psicossocial versus neurodiversidade\" width=\"1250\" height=\"595\" srcset=\"https:\/\/carlotas.org\/bra\/wp-content\/uploads\/2023\/08\/Header-Jornal-5.png 1250w, https:\/\/carlotas.org\/bra\/wp-content\/uploads\/2023\/08\/Header-Jornal-5-300x143.png 300w, https:\/\/carlotas.org\/bra\/wp-content\/uploads\/2023\/08\/Header-Jornal-5-1024x487.png 1024w, https:\/\/carlotas.org\/bra\/wp-content\/uploads\/2023\/08\/Header-Jornal-5-768x366.png 768w\" sizes=\"(max-width: 1250px) 100vw, 1250px\" \/><figcaption id=\"caption-attachment-8671\" class=\"wp-caption-text\">Apesar da lei nomear o tipo de defici\u00eancia como &#8220;Defici\u00eancia Mental&#8221;, a terminologia n\u00e3o \u00e9 utilizada no dia-a-dia. Prefira termos mais precisos e respeitosos como Defici\u00eancia Psicossocial.<\/figcaption><\/figure>\n<h4><strong>5) Surdos ou Defici\u00eancia Auditiva &#8211; afeta 1,1% da popula\u00e7\u00e3o.<\/strong><\/h4>\n<p><span style=\"font-weight: 400;\">Est\u00e3o divididas em:<\/span><\/p>\n<p><span style=\"font-weight: 400;\"><strong>a) Perda bilateral parcial ou total<\/strong><br \/>\n<\/span><strong>b) Perda unilateral total<\/strong><br \/>\n<strong>c) Surdez mista:<\/strong> causada tanto no ouvido externo e\/ou m\u00e9dio, quanto no interno.<\/p>\n<h4><strong>Segue a reflex\u00e3o sobre alguns dados importantes.<\/strong><\/h4>\n<p><span style=\"font-weight: 400;\">71% das defici\u00eancias s\u00e3o invis\u00edveis e apenas 29% s\u00e3o vis\u00edveis;\u00a0<\/span><\/p>\n<p><span style=\"font-weight: 400;\">60% das defici\u00eancias s\u00e3o adquiridas atrav\u00e9s de acidentes de trabalho, acidente de tr\u00e2nsito e velhice;<\/span><\/p>\n<p><span style=\"font-weight: 400;\">Das pessoas com mais de 60 anos (que j\u00e1 \u00e9 quase 20% da popula\u00e7\u00e3o mundial), 49,6% t\u00eam alguma defici\u00eancia que se enquadra no CID. <\/span><span style=\"font-weight: 400;\">Como fala um grande amigo meu Ricardo Wagner, vamos projetar pensando nos extremos, que abrangemos naturalmente todo resto.\u00a0<\/span><\/p>\n","protected":false},"excerpt":{"rendered":"<p>E sempre me perguntam quais tipos de defici\u00eancia existem. Afinal, como irei relatar abaixo, o que \u00e9 defici\u00eancia? Defici\u00eancia \u00e9 definida pela OMS como \u201cPerda permanente, total ou parcial, de uma ou mais funcionalidades do corpo (OMS)&#8221;. Existem tr\u00eas contextos que dever\u00edamos nos atentar: Defici\u00eancia Permanente &#8211; uma situa\u00e7\u00e3o que permanentemente uma pessoa ter\u00e1 uma [&hellip;]<\/p>\n","protected":false},"author":48,"featured_media":3349,"comment_status":"closed","ping_status":"closed","sticky":false,"template":"","format":"standard","meta":{"_acf_changed":false,"om_disable_all_campaigns":false,"_monsterinsights_skip_tracking":false,"_monsterinsights_sitenote_active":false,"_monsterinsights_sitenote_note":"","_monsterinsights_sitenote_category":0,"_uf_show_specific_survey":0,"_uf_disable_surveys":false,"footnotes":""},"categories":[10],"tags":[125,31,337],"class_list":["post-3348","post","type-post","status-publish","format-standard","has-post-thumbnail","hentry","category-referencias","tag-pessoas-com-deficiencia","tag-referencias","tag-thierry-marcondes"],"acf":[],"yoast_head":"<!-- This site is optimized with the Yoast SEO plugin v27.2 - https:\/\/yoast.com\/product\/yoast-seo-wordpress\/ -->\n<title>Tipos de Defici\u00eancia - Carlotas<\/title>\n<meta name=\"description\" content=\"Quais tipos de defici\u00eancia existem? Esse \u00e9 o ponto de partida deste artigo, que apresenta um conte\u00fado did\u00e1tico e essencial.\" \/>\n<meta name=\"robots\" content=\"index, follow, max-snippet:-1, max-image-preview:large, max-video-preview:-1\" \/>\n<link rel=\"canonical\" href=\"https:\/\/carlotas.org\/bra\/tipos-de-deficiencia\/\" \/>\n<meta property=\"og:locale\" content=\"pt_BR\" \/>\n<meta property=\"og:type\" content=\"article\" \/>\n<meta property=\"og:title\" content=\"Tipos de Defici\u00eancia - Carlotas\" \/>\n<meta property=\"og:description\" content=\"Quais tipos de defici\u00eancia existem? Esse \u00e9 o ponto de partida deste artigo, que apresenta um conte\u00fado did\u00e1tico e essencial.\" \/>\n<meta property=\"og:url\" content=\"https:\/\/carlotas.org\/bra\/tipos-de-deficiencia\/\" \/>\n<meta property=\"og:site_name\" content=\"Carlotas\" \/>\n<meta property=\"article:publisher\" content=\"https:\/\/www.facebook.com\/carlotasworld\" \/>\n<meta property=\"article:published_time\" content=\"2023-08-20T10:43:47+00:00\" \/>\n<meta property=\"article:modified_time\" content=\"2025-07-24T21:15:04+00:00\" \/>\n<meta property=\"og:image\" content=\"https:\/\/carlotas.org\/bra\/wp-content\/uploads\/2023\/08\/Tipos_de_deficiencia-2.png\" \/>\n\t<meta property=\"og:image:width\" content=\"1250\" \/>\n\t<meta property=\"og:image:height\" content=\"595\" \/>\n\t<meta property=\"og:image:type\" content=\"image\/png\" \/>\n<meta name=\"author\" content=\"Thierry Marcondes\" \/>\n<meta name=\"twitter:card\" content=\"summary_large_image\" \/>\n<meta name=\"twitter:label1\" content=\"Escrito por\" \/>\n\t<meta name=\"twitter:data1\" content=\"Thierry Marcondes\" \/>\n\t<meta name=\"twitter:label2\" content=\"Est. tempo de leitura\" \/>\n\t<meta name=\"twitter:data2\" content=\"5 minutos\" \/>\n<script type=\"application\/ld+json\" class=\"yoast-schema-graph\">{\"@context\":\"https:\/\/schema.org\",\"@graph\":[{\"@type\":\"Article\",\"@id\":\"https:\/\/carlotas.org\/bra\/tipos-de-deficiencia\/#article\",\"isPartOf\":{\"@id\":\"https:\/\/carlotas.org\/bra\/tipos-de-deficiencia\/\"},\"author\":{\"name\":\"Thierry Marcondes\",\"@id\":\"https:\/\/carlotas.org\/bra\/#\/schema\/person\/dd02863d2677106858cfc690eb2e68a9\"},\"headline\":\"Tipos de Defici\u00eancia\",\"datePublished\":\"2023-08-20T10:43:47+00:00\",\"dateModified\":\"2025-07-24T21:15:04+00:00\",\"mainEntityOfPage\":{\"@id\":\"https:\/\/carlotas.org\/bra\/tipos-de-deficiencia\/\"},\"wordCount\":899,\"publisher\":{\"@id\":\"https:\/\/carlotas.org\/bra\/#organization\"},\"image\":{\"@id\":\"https:\/\/carlotas.org\/bra\/tipos-de-deficiencia\/#primaryimage\"},\"thumbnailUrl\":\"https:\/\/carlotas.org\/bra\/wp-content\/uploads\/2023\/08\/Tipos_de_deficiencia-2.png\",\"keywords\":[\"Pessoas com Defici\u00eancia\",\"Refer\u00eancias\",\"Thierry Marcondes\"],\"articleSection\":[\"Refer\u00eancias\"],\"inLanguage\":\"pt-BR\"},{\"@type\":\"WebPage\",\"@id\":\"https:\/\/carlotas.org\/bra\/tipos-de-deficiencia\/\",\"url\":\"https:\/\/carlotas.org\/bra\/tipos-de-deficiencia\/\",\"name\":\"Tipos de Defici\u00eancia - Carlotas\",\"isPartOf\":{\"@id\":\"https:\/\/carlotas.org\/bra\/#website\"},\"primaryImageOfPage\":{\"@id\":\"https:\/\/carlotas.org\/bra\/tipos-de-deficiencia\/#primaryimage\"},\"image\":{\"@id\":\"https:\/\/carlotas.org\/bra\/tipos-de-deficiencia\/#primaryimage\"},\"thumbnailUrl\":\"https:\/\/carlotas.org\/bra\/wp-content\/uploads\/2023\/08\/Tipos_de_deficiencia-2.png\",\"datePublished\":\"2023-08-20T10:43:47+00:00\",\"dateModified\":\"2025-07-24T21:15:04+00:00\",\"description\":\"Quais tipos de defici\u00eancia existem? Esse \u00e9 o ponto de partida deste artigo, que apresenta um conte\u00fado did\u00e1tico e essencial.\",\"breadcrumb\":{\"@id\":\"https:\/\/carlotas.org\/bra\/tipos-de-deficiencia\/#breadcrumb\"},\"inLanguage\":\"pt-BR\",\"potentialAction\":[{\"@type\":\"ReadAction\",\"target\":[\"https:\/\/carlotas.org\/bra\/tipos-de-deficiencia\/\"]}]},{\"@type\":\"ImageObject\",\"inLanguage\":\"pt-BR\",\"@id\":\"https:\/\/carlotas.org\/bra\/tipos-de-deficiencia\/#primaryimage\",\"url\":\"https:\/\/carlotas.org\/bra\/wp-content\/uploads\/2023\/08\/Tipos_de_deficiencia-2.png\",\"contentUrl\":\"https:\/\/carlotas.org\/bra\/wp-content\/uploads\/2023\/08\/Tipos_de_deficiencia-2.png\",\"width\":1250,\"height\":595,\"caption\":\"tipos de defici\u00eancia: uma colagem toda colorida em quadriculados, com uma mulher, um homem, homem de cadeira de rodas. sobre de uma homem com m\u00e3o juntas e um menino;\"},{\"@type\":\"BreadcrumbList\",\"@id\":\"https:\/\/carlotas.org\/bra\/tipos-de-deficiencia\/#breadcrumb\",\"itemListElement\":[{\"@type\":\"ListItem\",\"position\":1,\"name\":\"In\u00edcio\",\"item\":\"https:\/\/carlotas.org\/bra\/\"},{\"@type\":\"ListItem\",\"position\":2,\"name\":\"Tipos de Defici\u00eancia\"}]},{\"@type\":\"WebSite\",\"@id\":\"https:\/\/carlotas.org\/bra\/#website\",\"url\":\"https:\/\/carlotas.org\/bra\/\",\"name\":\"Carlotas\",\"description\":\"A pot\u00eancia da empatia e A for\u00e7a da diversidade\",\"publisher\":{\"@id\":\"https:\/\/carlotas.org\/bra\/#organization\"},\"potentialAction\":[{\"@type\":\"SearchAction\",\"target\":{\"@type\":\"EntryPoint\",\"urlTemplate\":\"https:\/\/carlotas.org\/bra\/?s={search_term_string}\"},\"query-input\":{\"@type\":\"PropertyValueSpecification\",\"valueRequired\":true,\"valueName\":\"search_term_string\"}}],\"inLanguage\":\"pt-BR\"},{\"@type\":\"Organization\",\"@id\":\"https:\/\/carlotas.org\/bra\/#organization\",\"name\":\"Carlotas\",\"url\":\"https:\/\/carlotas.org\/bra\/\",\"logo\":{\"@type\":\"ImageObject\",\"inLanguage\":\"pt-BR\",\"@id\":\"https:\/\/carlotas.org\/bra\/#\/schema\/logo\/image\/\",\"url\":\"https:\/\/carlotas.org\/bra\/wp-content\/uploads\/2022\/11\/carlotas_logo.png\",\"contentUrl\":\"https:\/\/carlotas.org\/bra\/wp-content\/uploads\/2022\/11\/carlotas_logo.png\",\"width\":288,\"height\":47,\"caption\":\"Carlotas\"},\"image\":{\"@id\":\"https:\/\/carlotas.org\/bra\/#\/schema\/logo\/image\/\"},\"sameAs\":[\"https:\/\/www.facebook.com\/carlotasworld\",\"https:\/\/www.linkedin.com\/company\/3712330\/\",\"https:\/\/www.youtube.com\/channel\/UCkW318Qeld92l3fns2P87lA\",\"https:\/\/open.spotify.com\/show\/2PMlthYIkYi0uSvvBAYGKP\"]},{\"@type\":\"Person\",\"@id\":\"https:\/\/carlotas.org\/bra\/#\/schema\/person\/dd02863d2677106858cfc690eb2e68a9\",\"name\":\"Thierry Marcondes\",\"image\":{\"@type\":\"ImageObject\",\"inLanguage\":\"pt-BR\",\"@id\":\"https:\/\/carlotas.org\/bra\/wp-content\/uploads\/2023\/08\/cropped-Thierry-scaled-1-96x96.jpg\",\"url\":\"https:\/\/carlotas.org\/bra\/wp-content\/uploads\/2023\/08\/cropped-Thierry-scaled-1-96x96.jpg\",\"contentUrl\":\"https:\/\/carlotas.org\/bra\/wp-content\/uploads\/2023\/08\/cropped-Thierry-scaled-1-96x96.jpg\",\"caption\":\"Thierry Marcondes\"},\"description\":\"Thierry Marcondes: Engenheiro mec\u00e2nico formado na Unicamp, fundador das startups Evolucar e Avitus. Descobri meu prop\u00f3sito: promover autonomia atrav\u00e9s da acessibilidade e responsabilidade socioambiental. Lidero Acessibilidade e Inova\u00e7\u00e3o na Accenture, sou conselheiro das startups 2.5 Ventures e AUREM, e volunt\u00e1rio nos conselhos do Unicamp Ventures e Frotas e Fretes Verdes. Acredito que os surdos revolucionar\u00e3o o mundo e impulsionar\u00e3o novas tecnologias.\"}]}<\/script>\n<!-- \/ Yoast SEO plugin. -->","yoast_head_json":{"title":"Tipos de Defici\u00eancia - Carlotas","description":"Quais tipos de defici\u00eancia existem? Esse \u00e9 o ponto de partida deste artigo, que apresenta um conte\u00fado did\u00e1tico e essencial.","robots":{"index":"index","follow":"follow","max-snippet":"max-snippet:-1","max-image-preview":"max-image-preview:large","max-video-preview":"max-video-preview:-1"},"canonical":"https:\/\/carlotas.org\/bra\/tipos-de-deficiencia\/","og_locale":"pt_BR","og_type":"article","og_title":"Tipos de Defici\u00eancia - Carlotas","og_description":"Quais tipos de defici\u00eancia existem? Esse \u00e9 o ponto de partida deste artigo, que apresenta um conte\u00fado did\u00e1tico e essencial.","og_url":"https:\/\/carlotas.org\/bra\/tipos-de-deficiencia\/","og_site_name":"Carlotas","article_publisher":"https:\/\/www.facebook.com\/carlotasworld","article_published_time":"2023-08-20T10:43:47+00:00","article_modified_time":"2025-07-24T21:15:04+00:00","og_image":[{"width":1250,"height":595,"url":"https:\/\/carlotas.org\/bra\/wp-content\/uploads\/2023\/08\/Tipos_de_deficiencia-2.png","type":"image\/png"}],"author":"Thierry Marcondes","twitter_card":"summary_large_image","twitter_misc":{"Escrito por":"Thierry Marcondes","Est. tempo de leitura":"5 minutos"},"schema":{"@context":"https:\/\/schema.org","@graph":[{"@type":"Article","@id":"https:\/\/carlotas.org\/bra\/tipos-de-deficiencia\/#article","isPartOf":{"@id":"https:\/\/carlotas.org\/bra\/tipos-de-deficiencia\/"},"author":{"name":"Thierry Marcondes","@id":"https:\/\/carlotas.org\/bra\/#\/schema\/person\/dd02863d2677106858cfc690eb2e68a9"},"headline":"Tipos de Defici\u00eancia","datePublished":"2023-08-20T10:43:47+00:00","dateModified":"2025-07-24T21:15:04+00:00","mainEntityOfPage":{"@id":"https:\/\/carlotas.org\/bra\/tipos-de-deficiencia\/"},"wordCount":899,"publisher":{"@id":"https:\/\/carlotas.org\/bra\/#organization"},"image":{"@id":"https:\/\/carlotas.org\/bra\/tipos-de-deficiencia\/#primaryimage"},"thumbnailUrl":"https:\/\/carlotas.org\/bra\/wp-content\/uploads\/2023\/08\/Tipos_de_deficiencia-2.png","keywords":["Pessoas com Defici\u00eancia","Refer\u00eancias","Thierry Marcondes"],"articleSection":["Refer\u00eancias"],"inLanguage":"pt-BR"},{"@type":"WebPage","@id":"https:\/\/carlotas.org\/bra\/tipos-de-deficiencia\/","url":"https:\/\/carlotas.org\/bra\/tipos-de-deficiencia\/","name":"Tipos de Defici\u00eancia - Carlotas","isPartOf":{"@id":"https:\/\/carlotas.org\/bra\/#website"},"primaryImageOfPage":{"@id":"https:\/\/carlotas.org\/bra\/tipos-de-deficiencia\/#primaryimage"},"image":{"@id":"https:\/\/carlotas.org\/bra\/tipos-de-deficiencia\/#primaryimage"},"thumbnailUrl":"https:\/\/carlotas.org\/bra\/wp-content\/uploads\/2023\/08\/Tipos_de_deficiencia-2.png","datePublished":"2023-08-20T10:43:47+00:00","dateModified":"2025-07-24T21:15:04+00:00","description":"Quais tipos de defici\u00eancia existem? Esse \u00e9 o ponto de partida deste artigo, que apresenta um conte\u00fado did\u00e1tico e essencial.","breadcrumb":{"@id":"https:\/\/carlotas.org\/bra\/tipos-de-deficiencia\/#breadcrumb"},"inLanguage":"pt-BR","potentialAction":[{"@type":"ReadAction","target":["https:\/\/carlotas.org\/bra\/tipos-de-deficiencia\/"]}]},{"@type":"ImageObject","inLanguage":"pt-BR","@id":"https:\/\/carlotas.org\/bra\/tipos-de-deficiencia\/#primaryimage","url":"https:\/\/carlotas.org\/bra\/wp-content\/uploads\/2023\/08\/Tipos_de_deficiencia-2.png","contentUrl":"https:\/\/carlotas.org\/bra\/wp-content\/uploads\/2023\/08\/Tipos_de_deficiencia-2.png","width":1250,"height":595,"caption":"tipos de defici\u00eancia: uma colagem toda colorida em quadriculados, com uma mulher, um homem, homem de cadeira de rodas. sobre de uma homem com m\u00e3o juntas e um menino;"},{"@type":"BreadcrumbList","@id":"https:\/\/carlotas.org\/bra\/tipos-de-deficiencia\/#breadcrumb","itemListElement":[{"@type":"ListItem","position":1,"name":"In\u00edcio","item":"https:\/\/carlotas.org\/bra\/"},{"@type":"ListItem","position":2,"name":"Tipos de Defici\u00eancia"}]},{"@type":"WebSite","@id":"https:\/\/carlotas.org\/bra\/#website","url":"https:\/\/carlotas.org\/bra\/","name":"Carlotas","description":"A pot\u00eancia da empatia e A for\u00e7a da diversidade","publisher":{"@id":"https:\/\/carlotas.org\/bra\/#organization"},"potentialAction":[{"@type":"SearchAction","target":{"@type":"EntryPoint","urlTemplate":"https:\/\/carlotas.org\/bra\/?s={search_term_string}"},"query-input":{"@type":"PropertyValueSpecification","valueRequired":true,"valueName":"search_term_string"}}],"inLanguage":"pt-BR"},{"@type":"Organization","@id":"https:\/\/carlotas.org\/bra\/#organization","name":"Carlotas","url":"https:\/\/carlotas.org\/bra\/","logo":{"@type":"ImageObject","inLanguage":"pt-BR","@id":"https:\/\/carlotas.org\/bra\/#\/schema\/logo\/image\/","url":"https:\/\/carlotas.org\/bra\/wp-content\/uploads\/2022\/11\/carlotas_logo.png","contentUrl":"https:\/\/carlotas.org\/bra\/wp-content\/uploads\/2022\/11\/carlotas_logo.png","width":288,"height":47,"caption":"Carlotas"},"image":{"@id":"https:\/\/carlotas.org\/bra\/#\/schema\/logo\/image\/"},"sameAs":["https:\/\/www.facebook.com\/carlotasworld","https:\/\/www.linkedin.com\/company\/3712330\/","https:\/\/www.youtube.com\/channel\/UCkW318Qeld92l3fns2P87lA","https:\/\/open.spotify.com\/show\/2PMlthYIkYi0uSvvBAYGKP"]},{"@type":"Person","@id":"https:\/\/carlotas.org\/bra\/#\/schema\/person\/dd02863d2677106858cfc690eb2e68a9","name":"Thierry Marcondes","image":{"@type":"ImageObject","inLanguage":"pt-BR","@id":"https:\/\/carlotas.org\/bra\/wp-content\/uploads\/2023\/08\/cropped-Thierry-scaled-1-96x96.jpg","url":"https:\/\/carlotas.org\/bra\/wp-content\/uploads\/2023\/08\/cropped-Thierry-scaled-1-96x96.jpg","contentUrl":"https:\/\/carlotas.org\/bra\/wp-content\/uploads\/2023\/08\/cropped-Thierry-scaled-1-96x96.jpg","caption":"Thierry Marcondes"},"description":"Thierry Marcondes: Engenheiro mec\u00e2nico formado na Unicamp, fundador das startups Evolucar e Avitus. Descobri meu prop\u00f3sito: promover autonomia atrav\u00e9s da acessibilidade e responsabilidade socioambiental. Lidero Acessibilidade e Inova\u00e7\u00e3o na Accenture, sou conselheiro das startups 2.5 Ventures e AUREM, e volunt\u00e1rio nos conselhos do Unicamp Ventures e Frotas e Fretes Verdes. Acredito que os surdos revolucionar\u00e3o o mundo e impulsionar\u00e3o novas tecnologias."}]}},"_links":{"self":[{"href":"https:\/\/carlotas.org\/bra\/wp-json\/wp\/v2\/posts\/3348","targetHints":{"allow":["GET"]}}],"collection":[{"href":"https:\/\/carlotas.org\/bra\/wp-json\/wp\/v2\/posts"}],"about":[{"href":"https:\/\/carlotas.org\/bra\/wp-json\/wp\/v2\/types\/post"}],"author":[{"embeddable":true,"href":"https:\/\/carlotas.org\/bra\/wp-json\/wp\/v2\/users\/48"}],"replies":[{"embeddable":true,"href":"https:\/\/carlotas.org\/bra\/wp-json\/wp\/v2\/comments?post=3348"}],"version-history":[{"count":25,"href":"https:\/\/carlotas.org\/bra\/wp-json\/wp\/v2\/posts\/3348\/revisions"}],"predecessor-version":[{"id":8674,"href":"https:\/\/carlotas.org\/bra\/wp-json\/wp\/v2\/posts\/3348\/revisions\/8674"}],"wp:featuredmedia":[{"embeddable":true,"href":"https:\/\/carlotas.org\/bra\/wp-json\/wp\/v2\/media\/3349"}],"wp:attachment":[{"href":"https:\/\/carlotas.org\/bra\/wp-json\/wp\/v2\/media?parent=3348"}],"wp:term":[{"taxonomy":"category","embeddable":true,"href":"https:\/\/carlotas.org\/bra\/wp-json\/wp\/v2\/categories?post=3348"},{"taxonomy":"post_tag","embeddable":true,"href":"https:\/\/carlotas.org\/bra\/wp-json\/wp\/v2\/tags?post=3348"}],"curies":[{"name":"wp","href":"https:\/\/api.w.org\/{rel}","templated":true}]}}