{"id":5124,"date":"2022-03-01T20:35:04","date_gmt":"2022-03-01T20:35:04","guid":{"rendered":"https:\/\/carlotas.org\/bra\/?p=5124"},"modified":"2024-03-20T20:36:28","modified_gmt":"2024-03-20T20:36:28","slug":"por-que-citamos-junto-com-diversidade-as-palavras-equidade-e-inclusao","status":"publish","type":"post","link":"https:\/\/carlotas.org\/bra\/por-que-citamos-junto-com-diversidade-as-palavras-equidade-e-inclusao\/","title":{"rendered":"Por que citamos junto com diversidade as palavras equidade e inclus\u00e3o?"},"content":{"rendered":"<p>A\u00a0<span style=\"color: #ff5500;\">diversidade<\/span>\u00a0faz parte da condi\u00e7\u00e3o humana. Todos n\u00f3s somos \u00fanicos, temos nosso pr\u00f3prio DNA, comportamento, viv\u00eancia, express\u00e3o e in\u00fameras caracter\u00edsticas que nos fazem sermos seres diversos e singulares. Mas quando \u00e9 abordado o tema, apesar de\u00a0<span style=\"color: #ff5500;\">todos(as) n\u00f3s fazermos parte da diversidade<\/span>, o foco acaba sendo direcionado para grupos de pessoas que s\u00e3o sub-representados, subjugados ou impedidos de acessos equitativos nas diversas esferas da sociedade.<\/p>\n<p>Por isso, a proposta em abordar a diversidade est\u00e1 relacionada \u00e0, al\u00e9m da\u00a0<span style=\"color: #ff5500;\">valoriza\u00e7\u00e3o da singularidade de todas as pessoas<\/span>, promover recursos para que tenham acessos e oportunidades equitativas e que sejam verdadeiramente inclu\u00eddas ao meio no qual est\u00e3o inseridas.<\/p>\n<p>Diante disso, citamos o termo\u00a0<span style=\"color: #ff5500;\">equidade,<\/span> que \u00e9 diferente de igualdade, voc\u00ea sabe a diferen\u00e7a? Embora ambos tenham o objetivo de promover a justi\u00e7a, eles t\u00eam conceitos diferentes.\u00a0<span style=\"color: #ff5500;\">Igualdade<\/span>\u00a0busca tratar todos e todas da mesma forma, independentemente da sua necessidade. Equidade trata as pessoas de formas diferentes, levando em considera\u00e7\u00e3o o que elas precisam. Em resumo, podemos dizer que a diferen\u00e7a central entre esses termos \u00e9 que a\u00a0<span style=\"color: #ff5500;\">equidade reconhece a diversidade<\/span>\u00a0e, ao considerar diferentes contextos, destina recursos necess\u00e1rios para que todas as pessoas possam alcan\u00e7ar os mesmos resultados.<\/p>\n<p>Por exemplo, se uma crian\u00e7a com defici\u00eancia f\u00edsica que usa cadeira de rodas precisa de uma rampa para entrar na escola, essa acessibilidade precisa ser disposta para que<span style=\"color: #ff5500;\">\u00a0todas as pessoas<\/span>, independente das suas circunst\u00e2ncias, tenham acesso ao direito fundamental da educa\u00e7\u00e3o. Isso \u00e9 um\u00a0 recurso equitativo no qual fornece um meio necess\u00e1rio para se alcan\u00e7ar o mesmo resultado.<\/p>\n<p>Ent\u00e3o, ao compreender a pluralidade humana, valorizar a singularidade de cada pessoa e destinar recursos para que todas as pessoas possam ter oportunidades iguais, entramos no conceito da\u00a0<span style=\"color: #ff5500;\">inclus\u00e3o social<\/span>. A inclus\u00e3o social parte de, pelo menos, duas premissas:<\/p>\n<h3>_ da consci\u00eancia de que a sociedada \u00e9 desigual<\/h3>\n<h3>_ da necessidade de que essas injusti\u00e7as sejam &#8211; no m\u00ednimo &#8211; amenizadas ou equilibradas<\/h3>\n<p>Ela se manifesta nas nossas a\u00e7\u00f5es, falas, comportamentos, s\u00edmbolos, textos&#8230; Ou seja, a inclus\u00e3o pode ser praticada em todos os nossos processos, gerando um ambiente no qual qualquer pessoa possa se sentir como parte, confort\u00e1vel e sem risco.\u00a0<span style=\"color: #ff5500;\">\u00c9 na inclus\u00e3o que temos conex\u00e3o<\/span>. E \u00e9 na conex\u00e3o humana que temos amplia\u00e7\u00e3o de perspectivas e podemos praticar a empatia, fatores fundamentais para compreendermos a bela complexidade da nossa esp\u00e9cie.<\/p>\n<p>Por esses (e outros) motivos que falamos\u00a0<span style=\"color: #ff5500;\">diversidade, equidade e inclus\u00e3o<\/span>. Reconhecer e valorizar a singularidade de cada indiv\u00edduo, fornecer meios para que pessoas de diferentes contextos obtenham as mesmas oportunidades e promover o senso de pertencimento \u00e0 todas as pessoas s\u00e3o parte da for\u00e7a propulsora que nos move em Carlotas, atrelado \u00e0 consci\u00eancia de que estamos aprendendo e reaprendendo sempre!<\/p>\n<p>* Imagem capa:\u00a0<a href=\"https:\/\/unsplash.com\/@timmossholder\" target=\"_blank\" rel=\"noopener\"><ins datetime=\"2024-03-20T20:32:19+00:00\">Tim Mossholder<\/ins><\/a>\u00a0via Unsplash.<\/p>\n","protected":false},"excerpt":{"rendered":"<p>A\u00a0diversidade\u00a0faz parte da condi\u00e7\u00e3o humana. Todos n\u00f3s somos \u00fanicos, temos nosso pr\u00f3prio DNA, comportamento, viv\u00eancia, express\u00e3o e in\u00fameras caracter\u00edsticas que nos fazem sermos seres diversos e singulares. Mas quando \u00e9 abordado o tema, apesar de\u00a0todos(as) n\u00f3s fazermos parte da diversidade, o foco acaba sendo direcionado para grupos de pessoas que s\u00e3o sub-representados, subjugados ou impedidos [&hellip;]<\/p>\n","protected":false},"author":31,"featured_media":5125,"comment_status":"closed","ping_status":"closed","sticky":false,"template":"","format":"standard","meta":{"_acf_changed":false,"om_disable_all_campaigns":false,"_monsterinsights_skip_tracking":false,"_monsterinsights_sitenote_active":false,"_monsterinsights_sitenote_note":"","_monsterinsights_sitenote_category":0,"_uf_show_specific_survey":0,"_uf_disable_surveys":false,"footnotes":""},"categories":[10],"tags":[457,172,275,31],"class_list":["post-5124","post","type-post","status-publish","format-standard","has-post-thumbnail","hentry","category-referencias","tag-diversidade-e-inclusao","tag-equidade-de-genero","tag-heloisa-flesch","tag-referencias"],"acf":[],"yoast_head":"<!-- This site is optimized with the Yoast SEO plugin v27.2 - https:\/\/yoast.com\/product\/yoast-seo-wordpress\/ -->\n<title>Por que citamos junto com diversidade as palavras equidade e inclus\u00e3o? - Carlotas<\/title>\n<meta name=\"robots\" content=\"index, follow, max-snippet:-1, max-image-preview:large, max-video-preview:-1\" \/>\n<link rel=\"canonical\" href=\"https:\/\/carlotas.org\/bra\/por-que-citamos-junto-com-diversidade-as-palavras-equidade-e-inclusao\/\" \/>\n<meta property=\"og:locale\" content=\"pt_BR\" \/>\n<meta property=\"og:type\" content=\"article\" \/>\n<meta property=\"og:title\" content=\"Por que citamos junto com diversidade as palavras equidade e inclus\u00e3o? - Carlotas\" \/>\n<meta property=\"og:description\" content=\"A\u00a0diversidade\u00a0faz parte da condi\u00e7\u00e3o humana. Todos n\u00f3s somos \u00fanicos, temos nosso pr\u00f3prio DNA, comportamento, viv\u00eancia, express\u00e3o e in\u00fameras caracter\u00edsticas que nos fazem sermos seres diversos e singulares. Mas quando \u00e9 abordado o tema, apesar de\u00a0todos(as) n\u00f3s fazermos parte da diversidade, o foco acaba sendo direcionado para grupos de pessoas que s\u00e3o sub-representados, subjugados ou impedidos [&hellip;]\" \/>\n<meta property=\"og:url\" content=\"https:\/\/carlotas.org\/bra\/por-que-citamos-junto-com-diversidade-as-palavras-equidade-e-inclusao\/\" \/>\n<meta property=\"og:site_name\" content=\"Carlotas\" \/>\n<meta property=\"article:publisher\" content=\"https:\/\/www.facebook.com\/carlotasworld\" \/>\n<meta property=\"article:published_time\" content=\"2022-03-01T20:35:04+00:00\" \/>\n<meta property=\"article:modified_time\" content=\"2024-03-20T20:36:28+00:00\" \/>\n<meta property=\"og:image\" content=\"https:\/\/carlotas.org\/bra\/wp-content\/uploads\/2024\/03\/youbelone.jpg\" \/>\n\t<meta property=\"og:image:width\" content=\"1250\" \/>\n\t<meta property=\"og:image:height\" content=\"595\" \/>\n\t<meta property=\"og:image:type\" content=\"image\/jpeg\" \/>\n<meta name=\"author\" content=\"Heloisa Flesch\" \/>\n<meta name=\"twitter:card\" content=\"summary_large_image\" \/>\n<meta name=\"twitter:label1\" content=\"Escrito por\" \/>\n\t<meta name=\"twitter:data1\" content=\"Heloisa Flesch\" \/>\n\t<meta name=\"twitter:label2\" content=\"Est. tempo de leitura\" \/>\n\t<meta name=\"twitter:data2\" content=\"3 minutos\" \/>\n<script type=\"application\/ld+json\" class=\"yoast-schema-graph\">{\"@context\":\"https:\/\/schema.org\",\"@graph\":[{\"@type\":\"Article\",\"@id\":\"https:\/\/carlotas.org\/bra\/por-que-citamos-junto-com-diversidade-as-palavras-equidade-e-inclusao\/#article\",\"isPartOf\":{\"@id\":\"https:\/\/carlotas.org\/bra\/por-que-citamos-junto-com-diversidade-as-palavras-equidade-e-inclusao\/\"},\"author\":{\"name\":\"Heloisa Flesch\",\"@id\":\"https:\/\/carlotas.org\/bra\/#\/schema\/person\/f2da9acb46c78b83ea9738cbe59e8782\"},\"headline\":\"Por que citamos junto com diversidade as palavras equidade e inclus\u00e3o?\",\"datePublished\":\"2022-03-01T20:35:04+00:00\",\"dateModified\":\"2024-03-20T20:36:28+00:00\",\"mainEntityOfPage\":{\"@id\":\"https:\/\/carlotas.org\/bra\/por-que-citamos-junto-com-diversidade-as-palavras-equidade-e-inclusao\/\"},\"wordCount\":503,\"publisher\":{\"@id\":\"https:\/\/carlotas.org\/bra\/#organization\"},\"image\":{\"@id\":\"https:\/\/carlotas.org\/bra\/por-que-citamos-junto-com-diversidade-as-palavras-equidade-e-inclusao\/#primaryimage\"},\"thumbnailUrl\":\"https:\/\/carlotas.org\/bra\/wp-content\/uploads\/2024\/03\/youbelone.jpg\",\"keywords\":[\"Diversidade e Inclus\u00e3o\",\"Equidade de G\u00eanero\",\"Heloisa Flesch\",\"Refer\u00eancias\"],\"articleSection\":[\"Refer\u00eancias\"],\"inLanguage\":\"pt-BR\"},{\"@type\":\"WebPage\",\"@id\":\"https:\/\/carlotas.org\/bra\/por-que-citamos-junto-com-diversidade-as-palavras-equidade-e-inclusao\/\",\"url\":\"https:\/\/carlotas.org\/bra\/por-que-citamos-junto-com-diversidade-as-palavras-equidade-e-inclusao\/\",\"name\":\"Por que citamos junto com diversidade as palavras equidade e inclus\u00e3o? - Carlotas\",\"isPartOf\":{\"@id\":\"https:\/\/carlotas.org\/bra\/#website\"},\"primaryImageOfPage\":{\"@id\":\"https:\/\/carlotas.org\/bra\/por-que-citamos-junto-com-diversidade-as-palavras-equidade-e-inclusao\/#primaryimage\"},\"image\":{\"@id\":\"https:\/\/carlotas.org\/bra\/por-que-citamos-junto-com-diversidade-as-palavras-equidade-e-inclusao\/#primaryimage\"},\"thumbnailUrl\":\"https:\/\/carlotas.org\/bra\/wp-content\/uploads\/2024\/03\/youbelone.jpg\",\"datePublished\":\"2022-03-01T20:35:04+00:00\",\"dateModified\":\"2024-03-20T20:36:28+00:00\",\"breadcrumb\":{\"@id\":\"https:\/\/carlotas.org\/bra\/por-que-citamos-junto-com-diversidade-as-palavras-equidade-e-inclusao\/#breadcrumb\"},\"inLanguage\":\"pt-BR\",\"potentialAction\":[{\"@type\":\"ReadAction\",\"target\":[\"https:\/\/carlotas.org\/bra\/por-que-citamos-junto-com-diversidade-as-palavras-equidade-e-inclusao\/\"]}]},{\"@type\":\"ImageObject\",\"inLanguage\":\"pt-BR\",\"@id\":\"https:\/\/carlotas.org\/bra\/por-que-citamos-junto-com-diversidade-as-palavras-equidade-e-inclusao\/#primaryimage\",\"url\":\"https:\/\/carlotas.org\/bra\/wp-content\/uploads\/2024\/03\/youbelone.jpg\",\"contentUrl\":\"https:\/\/carlotas.org\/bra\/wp-content\/uploads\/2024\/03\/youbelone.jpg\",\"width\":1250,\"height\":595},{\"@type\":\"BreadcrumbList\",\"@id\":\"https:\/\/carlotas.org\/bra\/por-que-citamos-junto-com-diversidade-as-palavras-equidade-e-inclusao\/#breadcrumb\",\"itemListElement\":[{\"@type\":\"ListItem\",\"position\":1,\"name\":\"In\u00edcio\",\"item\":\"https:\/\/carlotas.org\/bra\/\"},{\"@type\":\"ListItem\",\"position\":2,\"name\":\"Por que citamos junto com diversidade as palavras equidade e inclus\u00e3o?\"}]},{\"@type\":\"WebSite\",\"@id\":\"https:\/\/carlotas.org\/bra\/#website\",\"url\":\"https:\/\/carlotas.org\/bra\/\",\"name\":\"Carlotas\",\"description\":\"A pot\u00eancia da empatia e A for\u00e7a da diversidade\",\"publisher\":{\"@id\":\"https:\/\/carlotas.org\/bra\/#organization\"},\"potentialAction\":[{\"@type\":\"SearchAction\",\"target\":{\"@type\":\"EntryPoint\",\"urlTemplate\":\"https:\/\/carlotas.org\/bra\/?s={search_term_string}\"},\"query-input\":{\"@type\":\"PropertyValueSpecification\",\"valueRequired\":true,\"valueName\":\"search_term_string\"}}],\"inLanguage\":\"pt-BR\"},{\"@type\":\"Organization\",\"@id\":\"https:\/\/carlotas.org\/bra\/#organization\",\"name\":\"Carlotas\",\"url\":\"https:\/\/carlotas.org\/bra\/\",\"logo\":{\"@type\":\"ImageObject\",\"inLanguage\":\"pt-BR\",\"@id\":\"https:\/\/carlotas.org\/bra\/#\/schema\/logo\/image\/\",\"url\":\"https:\/\/carlotas.org\/bra\/wp-content\/uploads\/2022\/11\/carlotas_logo.png\",\"contentUrl\":\"https:\/\/carlotas.org\/bra\/wp-content\/uploads\/2022\/11\/carlotas_logo.png\",\"width\":288,\"height\":47,\"caption\":\"Carlotas\"},\"image\":{\"@id\":\"https:\/\/carlotas.org\/bra\/#\/schema\/logo\/image\/\"},\"sameAs\":[\"https:\/\/www.facebook.com\/carlotasworld\",\"https:\/\/www.linkedin.com\/company\/3712330\/\",\"https:\/\/www.youtube.com\/channel\/UCkW318Qeld92l3fns2P87lA\",\"https:\/\/open.spotify.com\/show\/2PMlthYIkYi0uSvvBAYGKP\"]},{\"@type\":\"Person\",\"@id\":\"https:\/\/carlotas.org\/bra\/#\/schema\/person\/f2da9acb46c78b83ea9738cbe59e8782\",\"name\":\"Heloisa Flesch\",\"image\":{\"@type\":\"ImageObject\",\"inLanguage\":\"pt-BR\",\"@id\":\"https:\/\/carlotas.org\/bra\/wp-content\/uploads\/2023\/06\/Heloisa_Flesch_Frana-96x96.png\",\"url\":\"https:\/\/carlotas.org\/bra\/wp-content\/uploads\/2023\/06\/Heloisa_Flesch_Frana-96x96.png\",\"contentUrl\":\"https:\/\/carlotas.org\/bra\/wp-content\/uploads\/2023\/06\/Heloisa_Flesch_Frana-96x96.png\",\"caption\":\"Heloisa Flesch\"},\"description\":\"P\u00f3s-graduada em Neuroci\u00eancia e Comportamento, transformou sua paix\u00e3o pelas rela\u00e7\u00f5es humanas em objeto de estudo e trabalho. \u00c9 fascinada por m\u00fasica e acredita que o melhor da vida est\u00e1 nas rela\u00e7\u00f5es humanas, no eterno aprendizado e na beleza dos diferentes mundos que cada pessoa carrega.\"}]}<\/script>\n<!-- \/ Yoast SEO plugin. -->","yoast_head_json":{"title":"Por que citamos junto com diversidade as palavras equidade e inclus\u00e3o? - Carlotas","robots":{"index":"index","follow":"follow","max-snippet":"max-snippet:-1","max-image-preview":"max-image-preview:large","max-video-preview":"max-video-preview:-1"},"canonical":"https:\/\/carlotas.org\/bra\/por-que-citamos-junto-com-diversidade-as-palavras-equidade-e-inclusao\/","og_locale":"pt_BR","og_type":"article","og_title":"Por que citamos junto com diversidade as palavras equidade e inclus\u00e3o? - Carlotas","og_description":"A\u00a0diversidade\u00a0faz parte da condi\u00e7\u00e3o humana. Todos n\u00f3s somos \u00fanicos, temos nosso pr\u00f3prio DNA, comportamento, viv\u00eancia, express\u00e3o e in\u00fameras caracter\u00edsticas que nos fazem sermos seres diversos e singulares. Mas quando \u00e9 abordado o tema, apesar de\u00a0todos(as) n\u00f3s fazermos parte da diversidade, o foco acaba sendo direcionado para grupos de pessoas que s\u00e3o sub-representados, subjugados ou impedidos [&hellip;]","og_url":"https:\/\/carlotas.org\/bra\/por-que-citamos-junto-com-diversidade-as-palavras-equidade-e-inclusao\/","og_site_name":"Carlotas","article_publisher":"https:\/\/www.facebook.com\/carlotasworld","article_published_time":"2022-03-01T20:35:04+00:00","article_modified_time":"2024-03-20T20:36:28+00:00","og_image":[{"width":1250,"height":595,"url":"https:\/\/carlotas.org\/bra\/wp-content\/uploads\/2024\/03\/youbelone.jpg","type":"image\/jpeg"}],"author":"Heloisa Flesch","twitter_card":"summary_large_image","twitter_misc":{"Escrito por":"Heloisa Flesch","Est. tempo de leitura":"3 minutos"},"schema":{"@context":"https:\/\/schema.org","@graph":[{"@type":"Article","@id":"https:\/\/carlotas.org\/bra\/por-que-citamos-junto-com-diversidade-as-palavras-equidade-e-inclusao\/#article","isPartOf":{"@id":"https:\/\/carlotas.org\/bra\/por-que-citamos-junto-com-diversidade-as-palavras-equidade-e-inclusao\/"},"author":{"name":"Heloisa Flesch","@id":"https:\/\/carlotas.org\/bra\/#\/schema\/person\/f2da9acb46c78b83ea9738cbe59e8782"},"headline":"Por que citamos junto com diversidade as palavras equidade e inclus\u00e3o?","datePublished":"2022-03-01T20:35:04+00:00","dateModified":"2024-03-20T20:36:28+00:00","mainEntityOfPage":{"@id":"https:\/\/carlotas.org\/bra\/por-que-citamos-junto-com-diversidade-as-palavras-equidade-e-inclusao\/"},"wordCount":503,"publisher":{"@id":"https:\/\/carlotas.org\/bra\/#organization"},"image":{"@id":"https:\/\/carlotas.org\/bra\/por-que-citamos-junto-com-diversidade-as-palavras-equidade-e-inclusao\/#primaryimage"},"thumbnailUrl":"https:\/\/carlotas.org\/bra\/wp-content\/uploads\/2024\/03\/youbelone.jpg","keywords":["Diversidade e Inclus\u00e3o","Equidade de G\u00eanero","Heloisa Flesch","Refer\u00eancias"],"articleSection":["Refer\u00eancias"],"inLanguage":"pt-BR"},{"@type":"WebPage","@id":"https:\/\/carlotas.org\/bra\/por-que-citamos-junto-com-diversidade-as-palavras-equidade-e-inclusao\/","url":"https:\/\/carlotas.org\/bra\/por-que-citamos-junto-com-diversidade-as-palavras-equidade-e-inclusao\/","name":"Por que citamos junto com diversidade as palavras equidade e inclus\u00e3o? - Carlotas","isPartOf":{"@id":"https:\/\/carlotas.org\/bra\/#website"},"primaryImageOfPage":{"@id":"https:\/\/carlotas.org\/bra\/por-que-citamos-junto-com-diversidade-as-palavras-equidade-e-inclusao\/#primaryimage"},"image":{"@id":"https:\/\/carlotas.org\/bra\/por-que-citamos-junto-com-diversidade-as-palavras-equidade-e-inclusao\/#primaryimage"},"thumbnailUrl":"https:\/\/carlotas.org\/bra\/wp-content\/uploads\/2024\/03\/youbelone.jpg","datePublished":"2022-03-01T20:35:04+00:00","dateModified":"2024-03-20T20:36:28+00:00","breadcrumb":{"@id":"https:\/\/carlotas.org\/bra\/por-que-citamos-junto-com-diversidade-as-palavras-equidade-e-inclusao\/#breadcrumb"},"inLanguage":"pt-BR","potentialAction":[{"@type":"ReadAction","target":["https:\/\/carlotas.org\/bra\/por-que-citamos-junto-com-diversidade-as-palavras-equidade-e-inclusao\/"]}]},{"@type":"ImageObject","inLanguage":"pt-BR","@id":"https:\/\/carlotas.org\/bra\/por-que-citamos-junto-com-diversidade-as-palavras-equidade-e-inclusao\/#primaryimage","url":"https:\/\/carlotas.org\/bra\/wp-content\/uploads\/2024\/03\/youbelone.jpg","contentUrl":"https:\/\/carlotas.org\/bra\/wp-content\/uploads\/2024\/03\/youbelone.jpg","width":1250,"height":595},{"@type":"BreadcrumbList","@id":"https:\/\/carlotas.org\/bra\/por-que-citamos-junto-com-diversidade-as-palavras-equidade-e-inclusao\/#breadcrumb","itemListElement":[{"@type":"ListItem","position":1,"name":"In\u00edcio","item":"https:\/\/carlotas.org\/bra\/"},{"@type":"ListItem","position":2,"name":"Por que citamos junto com diversidade as palavras equidade e inclus\u00e3o?"}]},{"@type":"WebSite","@id":"https:\/\/carlotas.org\/bra\/#website","url":"https:\/\/carlotas.org\/bra\/","name":"Carlotas","description":"A pot\u00eancia da empatia e A for\u00e7a da diversidade","publisher":{"@id":"https:\/\/carlotas.org\/bra\/#organization"},"potentialAction":[{"@type":"SearchAction","target":{"@type":"EntryPoint","urlTemplate":"https:\/\/carlotas.org\/bra\/?s={search_term_string}"},"query-input":{"@type":"PropertyValueSpecification","valueRequired":true,"valueName":"search_term_string"}}],"inLanguage":"pt-BR"},{"@type":"Organization","@id":"https:\/\/carlotas.org\/bra\/#organization","name":"Carlotas","url":"https:\/\/carlotas.org\/bra\/","logo":{"@type":"ImageObject","inLanguage":"pt-BR","@id":"https:\/\/carlotas.org\/bra\/#\/schema\/logo\/image\/","url":"https:\/\/carlotas.org\/bra\/wp-content\/uploads\/2022\/11\/carlotas_logo.png","contentUrl":"https:\/\/carlotas.org\/bra\/wp-content\/uploads\/2022\/11\/carlotas_logo.png","width":288,"height":47,"caption":"Carlotas"},"image":{"@id":"https:\/\/carlotas.org\/bra\/#\/schema\/logo\/image\/"},"sameAs":["https:\/\/www.facebook.com\/carlotasworld","https:\/\/www.linkedin.com\/company\/3712330\/","https:\/\/www.youtube.com\/channel\/UCkW318Qeld92l3fns2P87lA","https:\/\/open.spotify.com\/show\/2PMlthYIkYi0uSvvBAYGKP"]},{"@type":"Person","@id":"https:\/\/carlotas.org\/bra\/#\/schema\/person\/f2da9acb46c78b83ea9738cbe59e8782","name":"Heloisa Flesch","image":{"@type":"ImageObject","inLanguage":"pt-BR","@id":"https:\/\/carlotas.org\/bra\/wp-content\/uploads\/2023\/06\/Heloisa_Flesch_Frana-96x96.png","url":"https:\/\/carlotas.org\/bra\/wp-content\/uploads\/2023\/06\/Heloisa_Flesch_Frana-96x96.png","contentUrl":"https:\/\/carlotas.org\/bra\/wp-content\/uploads\/2023\/06\/Heloisa_Flesch_Frana-96x96.png","caption":"Heloisa Flesch"},"description":"P\u00f3s-graduada em Neuroci\u00eancia e Comportamento, transformou sua paix\u00e3o pelas rela\u00e7\u00f5es humanas em objeto de estudo e trabalho. \u00c9 fascinada por m\u00fasica e acredita que o melhor da vida est\u00e1 nas rela\u00e7\u00f5es humanas, no eterno aprendizado e na beleza dos diferentes mundos que cada pessoa carrega."}]}},"_links":{"self":[{"href":"https:\/\/carlotas.org\/bra\/wp-json\/wp\/v2\/posts\/5124","targetHints":{"allow":["GET"]}}],"collection":[{"href":"https:\/\/carlotas.org\/bra\/wp-json\/wp\/v2\/posts"}],"about":[{"href":"https:\/\/carlotas.org\/bra\/wp-json\/wp\/v2\/types\/post"}],"author":[{"embeddable":true,"href":"https:\/\/carlotas.org\/bra\/wp-json\/wp\/v2\/users\/31"}],"replies":[{"embeddable":true,"href":"https:\/\/carlotas.org\/bra\/wp-json\/wp\/v2\/comments?post=5124"}],"version-history":[{"count":1,"href":"https:\/\/carlotas.org\/bra\/wp-json\/wp\/v2\/posts\/5124\/revisions"}],"predecessor-version":[{"id":5126,"href":"https:\/\/carlotas.org\/bra\/wp-json\/wp\/v2\/posts\/5124\/revisions\/5126"}],"wp:featuredmedia":[{"embeddable":true,"href":"https:\/\/carlotas.org\/bra\/wp-json\/wp\/v2\/media\/5125"}],"wp:attachment":[{"href":"https:\/\/carlotas.org\/bra\/wp-json\/wp\/v2\/media?parent=5124"}],"wp:term":[{"taxonomy":"category","embeddable":true,"href":"https:\/\/carlotas.org\/bra\/wp-json\/wp\/v2\/categories?post=5124"},{"taxonomy":"post_tag","embeddable":true,"href":"https:\/\/carlotas.org\/bra\/wp-json\/wp\/v2\/tags?post=5124"}],"curies":[{"name":"wp","href":"https:\/\/api.w.org\/{rel}","templated":true}]}}