{"id":5333,"date":"2026-04-20T00:00:12","date_gmt":"2026-04-20T00:00:12","guid":{"rendered":"https:\/\/carlotas.org\/bra\/?p=5333"},"modified":"2026-04-17T13:46:45","modified_gmt":"2026-04-17T13:46:45","slug":"dona-terra-e-sua-trajetoria-em-carlotas","status":"publish","type":"post","link":"https:\/\/carlotas.org\/bra\/dona-terra-e-sua-trajetoria-em-carlotas\/","title":{"rendered":"Dona Terra e sua trajet\u00f3ria em Carlotas"},"content":{"rendered":"<p><span style=\"font-weight: 400;\">A Dona Terra foi uma das primeiras personagens a chegar aqui em Carlotas. Em forma de tirinha, <\/span><span style=\"text-decoration: underline;\"><a href=\"https:\/\/www.facebook.com\/photo\/?fbid=593931307384372&amp;set=a.568501469927356\"><span style=\"font-weight: 400;\">publicamos nas m\u00eddias<\/span><\/a><\/span><span style=\"font-weight: 400;\"> em agosto de 2014 a imagem abaixo. Escrita e desenhada pela cofundadora de Carlotas, Carla Douglass.<\/span><\/p>\n<p>&nbsp;<\/p>\n<figure id=\"attachment_5335\" aria-describedby=\"caption-attachment-5335\" style=\"width: 964px\" class=\"wp-caption alignnone\"><img fetchpriority=\"high\" decoding=\"async\" class=\"wp-image-5335 size-full\" src=\"https:\/\/carlotas.org\/bra\/wp-content\/uploads\/2024\/04\/Site-interno-Dona-terra-e1713808238231.png\" alt=\"\" width=\"964\" height=\"593\" srcset=\"https:\/\/carlotas.org\/bra\/wp-content\/uploads\/2024\/04\/Site-interno-Dona-terra-e1713808238231.png 964w, https:\/\/carlotas.org\/bra\/wp-content\/uploads\/2024\/04\/Site-interno-Dona-terra-e1713808238231-300x185.png 300w, https:\/\/carlotas.org\/bra\/wp-content\/uploads\/2024\/04\/Site-interno-Dona-terra-e1713808238231-768x472.png 768w\" sizes=\"(max-width: 964px) 100vw, 964px\" \/><figcaption id=\"caption-attachment-5335\" class=\"wp-caption-text\">Tirinha da Dona Terra postada em agosto de 2014 na p\u00e1gina de Facebook de Carlotas.<\/figcaption><\/figure>\n<p><span style=\"font-weight: 400;\">Ela retorna em 2016, de cara nova, no texto de Fabiana Gutierrez: <\/span><span style=\"text-decoration: underline;\"><a href=\"https:\/\/carlotas.org\/bra\/um-olhar-generoso-para-nossa-casa-a-dona-terra\/\"><span style=\"font-weight: 400;\">Um olhar generoso para nossa casa<\/span><\/a><\/span><span style=\"font-weight: 400;\">. Naquele ano a Unesco &#8211; uma entidade ligada \u00e0 ONU (Organiza\u00e7\u00e3o das Na\u00e7\u00f5es Unidas) lan\u00e7ou o tema \u201cEntendimento Global\u201d com o objetivo de refletir sobre o nosso planeta de uma perspectiva global e agir localmente. O texto trazia pequenas a\u00e7\u00f5es di\u00e1rias que poderiam contribuir com o planeta como: a reciclagem, o n\u00e3o desperd\u00edcio de \u00e1gua e n\u00e3o jogar lixo nas ruas.\u00a0<\/span><\/p>\n<p><span style=\"font-weight: 400;\">Em 2020, voltamos a conversar com a nossa Dona Terra que volta<\/span> <span style=\"text-decoration: underline;\"><a href=\"https:\/\/carlotas.org\/bra\/dona-terra-volta-com-um-conto-novo-no-meio-da-pandemia\/\"><span style=\"font-weight: 400;\">com um conto novo no meio da pandemia<\/span><\/a><\/span>. D<span style=\"font-weight: 400;\">esta vez, pedimos que ela trouxesse o seu olhar sobre o planeta. Est\u00e1vamos enfrentando uma pandemia (COVID 19) e em raz\u00e3o do fechamento dos lugares, ela estava se sentindo bem melhor, pois o lixo nas ruas havia diminu\u00eddo assim como a polui\u00e7\u00e3o. O ano passou muito r\u00e1pido e outro anivers\u00e1rio da Dona Terra foi celebrado. Em 2021, ap\u00f3s um ano de pandemia, registr\u00e1vamos quase 03 milh\u00f5es de mortes de pessoas no mundo e com isso, o sofrimento da nossa m\u00e3e terra foi grande. Nesse novo conto, <\/span><a href=\"https:\/\/carlotas.org\/bra\/um-papo-serio-nesse-conto-da-dona-terra\/\"><span style=\"font-weight: 400;\"><span style=\"text-decoration: underline;\">Um papo s\u00e9rio nesse conto da Dona Terra<\/span>,<\/span><\/a><span style=\"font-weight: 400;\"> a conversa \u00e9 bem s\u00e9ria e esperan\u00e7osa. Ap\u00f3s toda a dor trazida pela doen\u00e7a, ela espera que as pessoas compreendam o impacto de sua exist\u00eancia no planeta e tenham consci\u00eancia da forma de nos relacionarmos com ela.<\/span><\/p>\n<p><span style=\"font-weight: 400;\">A vacina chegou e com ela a possibilidade de voltarmos a nos relacionar presencialmente. N\u00e3o podemos esquecer da nossa querida dona terra, n\u00e3o \u00e9!? Sendo assim, lan\u00e7amos neste ano dois novos materiais. <\/span><span style=\"text-decoration: underline;\"><a href=\"https:\/\/www.educa.carlotas.com.br\/app\/sustentabilidade-esg\/material-dona-terra\" target=\"_blank\" rel=\"noopener\"><span style=\"font-weight: 400;\">O primeiro material <\/span><\/a><\/span><span style=\"font-weight: 400;\">traz algumas ideias pr\u00e1ticas para trabalhar a sua postura ambientalmente respons\u00e1vel. Para sua elabora\u00e7\u00e3o, utilizamos os 5Rs da sustentabilidade, desenvolvidos pela ativista ambiental francesa Bea Johnson. Cadastre-se e baixe gratuitamente.<\/span><\/p>\n<p><b>O segundo vem em forma de <\/b><span style=\"text-decoration: underline;\"><a href=\"https:\/\/www.educa.carlotas.com.br\/app\/sustentabilidade-esg\/guia-sustentabilidade-e-cidadania-no-contexto-educacional\" target=\"_blank\" rel=\"noopener\"><b>Guia elaborado especialmente para as escolas<\/b><\/a><\/span><a href=\"https:\/\/www.educa.carlotas.com.br\/app\/sustentabilidade-esg\/guia-sustentabilidade-e-cidadania-no-contexto-educacional\" target=\"_blank\" rel=\"noopener\"><b>\u00a0<\/b><\/a><b>e aqui, o di\u00e1logo ser\u00e1 sobre a sustentabilidade e cidadania. <\/b>\u00c9 preciso se cadastrar para acessar. <span style=\"font-weight: 400;\">Abordaremos algumas reflex\u00f5es acerca\u00a0 dos impactos de nossas a\u00e7\u00f5es nas rela\u00e7\u00f5es e no ambiente, al\u00e9m de ideias de como inspirar posturas sociais e ambientalmente respons\u00e1veis por toda comunidade escolar.<\/span><\/p>\n<p><span style=\"font-weight: 400;\">A presen\u00e7a da nossa grande m\u00e3e Dona Terra em Carlotas \u00e9 uma forma de n\u00e3o esquecermos da nossa responsabilidade com o nosso planeta e pelos seres que aqui vivem!<\/span><\/p>\n<p>&nbsp;<\/p>\n<hr style=\"border: none; border-top: 2px dotted #999; margin: 40px 0;\" \/>\n<p><i><span style=\"font-weight: 400;\">Este artigo foi postado em 22 de Abril de 2024, repostado para o Dia da Terra este ano.<\/span><\/i><\/p>\n<p><span style=\"font-weight: 400;\">Gostou do texto: <strong>&#8220;Dona Terra e sua trajet\u00f3ria em Carlotas?&#8221;<\/strong><\/span><\/p>\n<p><span style=\"font-weight: 400;\">Leia tamb\u00e9m:<\/span><\/p>\n<blockquote class=\"wp-embedded-content\" data-secret=\"KwNZNGJXcm\"><p><a href=\"https:\/\/carlotas.org\/bra\/dia-mundial-do-meio-ambiente\/\">Dia Mundial do Meio Ambiente<\/a><\/p><\/blockquote>\n<p><iframe class=\"wp-embedded-content\" sandbox=\"allow-scripts\" security=\"restricted\" style=\"position: absolute; visibility: hidden;\" title=\"&#8220;Dia Mundial do Meio Ambiente&#8221; &#8212; Carlotas\" src=\"https:\/\/carlotas.org\/bra\/dia-mundial-do-meio-ambiente\/embed\/#?secret=ULktispxmv#?secret=KwNZNGJXcm\" data-secret=\"KwNZNGJXcm\" width=\"600\" height=\"338\" frameborder=\"0\" marginwidth=\"0\" marginheight=\"0\" scrolling=\"no\"><\/iframe><\/p>\n","protected":false},"excerpt":{"rendered":"<p>A Dona Terra foi uma das primeiras personagens a chegar aqui em Carlotas. Em forma de tirinha, publicamos nas m\u00eddias em agosto de 2014 a imagem abaixo. Escrita e desenhada pela cofundadora de Carlotas, Carla Douglass. &nbsp; Ela retorna em 2016, de cara nova, no texto de Fabiana Gutierrez: Um olhar generoso para nossa casa. [&hellip;]<\/p>\n","protected":false},"author":7,"featured_media":5343,"comment_status":"closed","ping_status":"closed","sticky":false,"template":"","format":"standard","meta":{"_acf_changed":false,"om_disable_all_campaigns":false,"_monsterinsights_skip_tracking":false,"_monsterinsights_sitenote_active":false,"_monsterinsights_sitenote_note":"","_monsterinsights_sitenote_category":0,"_uf_show_specific_survey":0,"_uf_disable_surveys":false,"footnotes":""},"categories":[11],"tags":[532,462,139,348],"class_list":["post-5333","post","type-post","status-publish","format-standard","has-post-thumbnail","hentry","category-projetos","tag-data-relevante","tag-guias-e-materiais","tag-projetos","tag-responsabilidade-social"],"acf":[],"yoast_head":"<!-- This site is optimized with the Yoast SEO plugin v27.2 - https:\/\/yoast.com\/product\/yoast-seo-wordpress\/ -->\n<title>Dona Terra e sua trajet\u00f3ria em Carlotas - Carlotas<\/title>\n<meta name=\"description\" content=\"A Dona Terra foi uma das primeiras personagens a chegarem aqui em Calotas. Neste ano, elaboramos conte\u00fado gratuito sobre meio ambiente.\" \/>\n<meta name=\"robots\" content=\"index, follow, max-snippet:-1, max-image-preview:large, max-video-preview:-1\" \/>\n<link rel=\"canonical\" href=\"https:\/\/carlotas.org\/bra\/dona-terra-e-sua-trajetoria-em-carlotas\/\" \/>\n<meta property=\"og:locale\" content=\"pt_BR\" \/>\n<meta property=\"og:type\" content=\"article\" \/>\n<meta property=\"og:title\" content=\"Dona Terra e sua trajet\u00f3ria em Carlotas - Carlotas\" \/>\n<meta property=\"og:description\" content=\"A Dona Terra foi uma das primeiras personagens a chegarem aqui em Calotas. Neste ano, elaboramos conte\u00fado gratuito sobre meio ambiente.\" \/>\n<meta property=\"og:url\" content=\"https:\/\/carlotas.org\/bra\/dona-terra-e-sua-trajetoria-em-carlotas\/\" \/>\n<meta property=\"og:site_name\" content=\"Carlotas\" \/>\n<meta property=\"article:publisher\" content=\"https:\/\/www.facebook.com\/carlotasworld\" \/>\n<meta property=\"article:published_time\" content=\"2026-04-20T00:00:12+00:00\" \/>\n<meta property=\"og:image\" content=\"https:\/\/carlotas.org\/bra\/wp-content\/uploads\/2024\/04\/Capa-Dona-Terra.jpg\" \/>\n\t<meta property=\"og:image:width\" content=\"1250\" \/>\n\t<meta property=\"og:image:height\" content=\"595\" \/>\n\t<meta property=\"og:image:type\" content=\"image\/jpeg\" \/>\n<meta name=\"author\" content=\"Fernanda Martins Gutierrez\" \/>\n<meta name=\"twitter:card\" content=\"summary_large_image\" \/>\n<meta name=\"twitter:label1\" content=\"Escrito por\" \/>\n\t<meta name=\"twitter:data1\" content=\"Fernanda Martins Gutierrez\" \/>\n\t<meta name=\"twitter:label2\" content=\"Est. tempo de leitura\" \/>\n\t<meta name=\"twitter:data2\" content=\"3 minutos\" \/>\n<script type=\"application\/ld+json\" class=\"yoast-schema-graph\">{\"@context\":\"https:\/\/schema.org\",\"@graph\":[{\"@type\":\"Article\",\"@id\":\"https:\/\/carlotas.org\/bra\/dona-terra-e-sua-trajetoria-em-carlotas\/#article\",\"isPartOf\":{\"@id\":\"https:\/\/carlotas.org\/bra\/dona-terra-e-sua-trajetoria-em-carlotas\/\"},\"author\":{\"name\":\"Fernanda Martins Gutierrez\",\"@id\":\"https:\/\/carlotas.org\/bra\/#\/schema\/person\/43f8e8ba5b2b5fc11160449e05709465\"},\"headline\":\"Dona Terra e sua trajet\u00f3ria em Carlotas\",\"datePublished\":\"2026-04-20T00:00:12+00:00\",\"mainEntityOfPage\":{\"@id\":\"https:\/\/carlotas.org\/bra\/dona-terra-e-sua-trajetoria-em-carlotas\/\"},\"wordCount\":514,\"publisher\":{\"@id\":\"https:\/\/carlotas.org\/bra\/#organization\"},\"image\":{\"@id\":\"https:\/\/carlotas.org\/bra\/dona-terra-e-sua-trajetoria-em-carlotas\/#primaryimage\"},\"thumbnailUrl\":\"https:\/\/carlotas.org\/bra\/wp-content\/uploads\/2024\/04\/Capa-Dona-Terra.jpg\",\"keywords\":[\"Data Relevante\",\"Guias e Materiais\",\"Projetos\",\"Responsabilidade Social ESG\"],\"articleSection\":[\"Projetos\"],\"inLanguage\":\"pt-BR\"},{\"@type\":\"WebPage\",\"@id\":\"https:\/\/carlotas.org\/bra\/dona-terra-e-sua-trajetoria-em-carlotas\/\",\"url\":\"https:\/\/carlotas.org\/bra\/dona-terra-e-sua-trajetoria-em-carlotas\/\",\"name\":\"Dona Terra e sua trajet\u00f3ria em Carlotas - Carlotas\",\"isPartOf\":{\"@id\":\"https:\/\/carlotas.org\/bra\/#website\"},\"primaryImageOfPage\":{\"@id\":\"https:\/\/carlotas.org\/bra\/dona-terra-e-sua-trajetoria-em-carlotas\/#primaryimage\"},\"image\":{\"@id\":\"https:\/\/carlotas.org\/bra\/dona-terra-e-sua-trajetoria-em-carlotas\/#primaryimage\"},\"thumbnailUrl\":\"https:\/\/carlotas.org\/bra\/wp-content\/uploads\/2024\/04\/Capa-Dona-Terra.jpg\",\"datePublished\":\"2026-04-20T00:00:12+00:00\",\"description\":\"A Dona Terra foi uma das primeiras personagens a chegarem aqui em Calotas. Neste ano, elaboramos conte\u00fado gratuito sobre meio ambiente.\",\"breadcrumb\":{\"@id\":\"https:\/\/carlotas.org\/bra\/dona-terra-e-sua-trajetoria-em-carlotas\/#breadcrumb\"},\"inLanguage\":\"pt-BR\",\"potentialAction\":[{\"@type\":\"ReadAction\",\"target\":[\"https:\/\/carlotas.org\/bra\/dona-terra-e-sua-trajetoria-em-carlotas\/\"]}]},{\"@type\":\"ImageObject\",\"inLanguage\":\"pt-BR\",\"@id\":\"https:\/\/carlotas.org\/bra\/dona-terra-e-sua-trajetoria-em-carlotas\/#primaryimage\",\"url\":\"https:\/\/carlotas.org\/bra\/wp-content\/uploads\/2024\/04\/Capa-Dona-Terra.jpg\",\"contentUrl\":\"https:\/\/carlotas.org\/bra\/wp-content\/uploads\/2024\/04\/Capa-Dona-Terra.jpg\",\"width\":1250,\"height\":595,\"caption\":\"Dona terra\"},{\"@type\":\"BreadcrumbList\",\"@id\":\"https:\/\/carlotas.org\/bra\/dona-terra-e-sua-trajetoria-em-carlotas\/#breadcrumb\",\"itemListElement\":[{\"@type\":\"ListItem\",\"position\":1,\"name\":\"In\u00edcio\",\"item\":\"https:\/\/carlotas.org\/bra\/\"},{\"@type\":\"ListItem\",\"position\":2,\"name\":\"Dona Terra e sua trajet\u00f3ria em Carlotas\"}]},{\"@type\":\"WebSite\",\"@id\":\"https:\/\/carlotas.org\/bra\/#website\",\"url\":\"https:\/\/carlotas.org\/bra\/\",\"name\":\"Carlotas\",\"description\":\"A pot\u00eancia da empatia e A for\u00e7a da diversidade\",\"publisher\":{\"@id\":\"https:\/\/carlotas.org\/bra\/#organization\"},\"potentialAction\":[{\"@type\":\"SearchAction\",\"target\":{\"@type\":\"EntryPoint\",\"urlTemplate\":\"https:\/\/carlotas.org\/bra\/?s={search_term_string}\"},\"query-input\":{\"@type\":\"PropertyValueSpecification\",\"valueRequired\":true,\"valueName\":\"search_term_string\"}}],\"inLanguage\":\"pt-BR\"},{\"@type\":\"Organization\",\"@id\":\"https:\/\/carlotas.org\/bra\/#organization\",\"name\":\"Carlotas\",\"url\":\"https:\/\/carlotas.org\/bra\/\",\"logo\":{\"@type\":\"ImageObject\",\"inLanguage\":\"pt-BR\",\"@id\":\"https:\/\/carlotas.org\/bra\/#\/schema\/logo\/image\/\",\"url\":\"https:\/\/carlotas.org\/bra\/wp-content\/uploads\/2022\/11\/carlotas_logo.png\",\"contentUrl\":\"https:\/\/carlotas.org\/bra\/wp-content\/uploads\/2022\/11\/carlotas_logo.png\",\"width\":288,\"height\":47,\"caption\":\"Carlotas\"},\"image\":{\"@id\":\"https:\/\/carlotas.org\/bra\/#\/schema\/logo\/image\/\"},\"sameAs\":[\"https:\/\/www.facebook.com\/carlotasworld\",\"https:\/\/www.linkedin.com\/company\/3712330\/\",\"https:\/\/www.youtube.com\/channel\/UCkW318Qeld92l3fns2P87lA\",\"https:\/\/open.spotify.com\/show\/2PMlthYIkYi0uSvvBAYGKP\"]},{\"@type\":\"Person\",\"@id\":\"https:\/\/carlotas.org\/bra\/#\/schema\/person\/43f8e8ba5b2b5fc11160449e05709465\",\"name\":\"Fernanda Martins Gutierrez\",\"image\":{\"@type\":\"ImageObject\",\"inLanguage\":\"pt-BR\",\"@id\":\"https:\/\/carlotas.org\/bra\/wp-content\/uploads\/2022\/12\/cropped-52fernandam-96x96.png\",\"url\":\"https:\/\/carlotas.org\/bra\/wp-content\/uploads\/2022\/12\/cropped-52fernandam-96x96.png\",\"contentUrl\":\"https:\/\/carlotas.org\/bra\/wp-content\/uploads\/2022\/12\/cropped-52fernandam-96x96.png\",\"caption\":\"Fernanda Martins Gutierrez\"},\"description\":\"Nasci em Curitiba e vim para S\u00e3o Paulo com poucos meses de vida. Atualmente divido a calmaria do campo com a agita\u00e7\u00e3o da cidade. Sou advogada de forma\u00e7\u00e3o, entretanto, nunca me encaixei na advocacia litigante ensinada pelas faculdades. Fui para o campo da Justi\u00e7a restaurativa e media\u00e7\u00e3o de conflitos. Como consequ\u00eancia desses dois trabalhos, me formei em psican\u00e1lise. Trabalho em Carlotas com pessoas incr\u00edveis acolhendo as escolas e apoiando o jornal.\"}]}<\/script>\n<!-- \/ Yoast SEO plugin. -->","yoast_head_json":{"title":"Dona Terra e sua trajet\u00f3ria em Carlotas - Carlotas","description":"A Dona Terra foi uma das primeiras personagens a chegarem aqui em Calotas. Neste ano, elaboramos conte\u00fado gratuito sobre meio ambiente.","robots":{"index":"index","follow":"follow","max-snippet":"max-snippet:-1","max-image-preview":"max-image-preview:large","max-video-preview":"max-video-preview:-1"},"canonical":"https:\/\/carlotas.org\/bra\/dona-terra-e-sua-trajetoria-em-carlotas\/","og_locale":"pt_BR","og_type":"article","og_title":"Dona Terra e sua trajet\u00f3ria em Carlotas - Carlotas","og_description":"A Dona Terra foi uma das primeiras personagens a chegarem aqui em Calotas. Neste ano, elaboramos conte\u00fado gratuito sobre meio ambiente.","og_url":"https:\/\/carlotas.org\/bra\/dona-terra-e-sua-trajetoria-em-carlotas\/","og_site_name":"Carlotas","article_publisher":"https:\/\/www.facebook.com\/carlotasworld","article_published_time":"2026-04-20T00:00:12+00:00","og_image":[{"width":1250,"height":595,"url":"https:\/\/carlotas.org\/bra\/wp-content\/uploads\/2024\/04\/Capa-Dona-Terra.jpg","type":"image\/jpeg"}],"author":"Fernanda Martins Gutierrez","twitter_card":"summary_large_image","twitter_misc":{"Escrito por":"Fernanda Martins Gutierrez","Est. tempo de leitura":"3 minutos"},"schema":{"@context":"https:\/\/schema.org","@graph":[{"@type":"Article","@id":"https:\/\/carlotas.org\/bra\/dona-terra-e-sua-trajetoria-em-carlotas\/#article","isPartOf":{"@id":"https:\/\/carlotas.org\/bra\/dona-terra-e-sua-trajetoria-em-carlotas\/"},"author":{"name":"Fernanda Martins Gutierrez","@id":"https:\/\/carlotas.org\/bra\/#\/schema\/person\/43f8e8ba5b2b5fc11160449e05709465"},"headline":"Dona Terra e sua trajet\u00f3ria em Carlotas","datePublished":"2026-04-20T00:00:12+00:00","mainEntityOfPage":{"@id":"https:\/\/carlotas.org\/bra\/dona-terra-e-sua-trajetoria-em-carlotas\/"},"wordCount":514,"publisher":{"@id":"https:\/\/carlotas.org\/bra\/#organization"},"image":{"@id":"https:\/\/carlotas.org\/bra\/dona-terra-e-sua-trajetoria-em-carlotas\/#primaryimage"},"thumbnailUrl":"https:\/\/carlotas.org\/bra\/wp-content\/uploads\/2024\/04\/Capa-Dona-Terra.jpg","keywords":["Data Relevante","Guias e Materiais","Projetos","Responsabilidade Social ESG"],"articleSection":["Projetos"],"inLanguage":"pt-BR"},{"@type":"WebPage","@id":"https:\/\/carlotas.org\/bra\/dona-terra-e-sua-trajetoria-em-carlotas\/","url":"https:\/\/carlotas.org\/bra\/dona-terra-e-sua-trajetoria-em-carlotas\/","name":"Dona Terra e sua trajet\u00f3ria em Carlotas - Carlotas","isPartOf":{"@id":"https:\/\/carlotas.org\/bra\/#website"},"primaryImageOfPage":{"@id":"https:\/\/carlotas.org\/bra\/dona-terra-e-sua-trajetoria-em-carlotas\/#primaryimage"},"image":{"@id":"https:\/\/carlotas.org\/bra\/dona-terra-e-sua-trajetoria-em-carlotas\/#primaryimage"},"thumbnailUrl":"https:\/\/carlotas.org\/bra\/wp-content\/uploads\/2024\/04\/Capa-Dona-Terra.jpg","datePublished":"2026-04-20T00:00:12+00:00","description":"A Dona Terra foi uma das primeiras personagens a chegarem aqui em Calotas. Neste ano, elaboramos conte\u00fado gratuito sobre meio ambiente.","breadcrumb":{"@id":"https:\/\/carlotas.org\/bra\/dona-terra-e-sua-trajetoria-em-carlotas\/#breadcrumb"},"inLanguage":"pt-BR","potentialAction":[{"@type":"ReadAction","target":["https:\/\/carlotas.org\/bra\/dona-terra-e-sua-trajetoria-em-carlotas\/"]}]},{"@type":"ImageObject","inLanguage":"pt-BR","@id":"https:\/\/carlotas.org\/bra\/dona-terra-e-sua-trajetoria-em-carlotas\/#primaryimage","url":"https:\/\/carlotas.org\/bra\/wp-content\/uploads\/2024\/04\/Capa-Dona-Terra.jpg","contentUrl":"https:\/\/carlotas.org\/bra\/wp-content\/uploads\/2024\/04\/Capa-Dona-Terra.jpg","width":1250,"height":595,"caption":"Dona terra"},{"@type":"BreadcrumbList","@id":"https:\/\/carlotas.org\/bra\/dona-terra-e-sua-trajetoria-em-carlotas\/#breadcrumb","itemListElement":[{"@type":"ListItem","position":1,"name":"In\u00edcio","item":"https:\/\/carlotas.org\/bra\/"},{"@type":"ListItem","position":2,"name":"Dona Terra e sua trajet\u00f3ria em Carlotas"}]},{"@type":"WebSite","@id":"https:\/\/carlotas.org\/bra\/#website","url":"https:\/\/carlotas.org\/bra\/","name":"Carlotas","description":"A pot\u00eancia da empatia e A for\u00e7a da diversidade","publisher":{"@id":"https:\/\/carlotas.org\/bra\/#organization"},"potentialAction":[{"@type":"SearchAction","target":{"@type":"EntryPoint","urlTemplate":"https:\/\/carlotas.org\/bra\/?s={search_term_string}"},"query-input":{"@type":"PropertyValueSpecification","valueRequired":true,"valueName":"search_term_string"}}],"inLanguage":"pt-BR"},{"@type":"Organization","@id":"https:\/\/carlotas.org\/bra\/#organization","name":"Carlotas","url":"https:\/\/carlotas.org\/bra\/","logo":{"@type":"ImageObject","inLanguage":"pt-BR","@id":"https:\/\/carlotas.org\/bra\/#\/schema\/logo\/image\/","url":"https:\/\/carlotas.org\/bra\/wp-content\/uploads\/2022\/11\/carlotas_logo.png","contentUrl":"https:\/\/carlotas.org\/bra\/wp-content\/uploads\/2022\/11\/carlotas_logo.png","width":288,"height":47,"caption":"Carlotas"},"image":{"@id":"https:\/\/carlotas.org\/bra\/#\/schema\/logo\/image\/"},"sameAs":["https:\/\/www.facebook.com\/carlotasworld","https:\/\/www.linkedin.com\/company\/3712330\/","https:\/\/www.youtube.com\/channel\/UCkW318Qeld92l3fns2P87lA","https:\/\/open.spotify.com\/show\/2PMlthYIkYi0uSvvBAYGKP"]},{"@type":"Person","@id":"https:\/\/carlotas.org\/bra\/#\/schema\/person\/43f8e8ba5b2b5fc11160449e05709465","name":"Fernanda Martins Gutierrez","image":{"@type":"ImageObject","inLanguage":"pt-BR","@id":"https:\/\/carlotas.org\/bra\/wp-content\/uploads\/2022\/12\/cropped-52fernandam-96x96.png","url":"https:\/\/carlotas.org\/bra\/wp-content\/uploads\/2022\/12\/cropped-52fernandam-96x96.png","contentUrl":"https:\/\/carlotas.org\/bra\/wp-content\/uploads\/2022\/12\/cropped-52fernandam-96x96.png","caption":"Fernanda Martins Gutierrez"},"description":"Nasci em Curitiba e vim para S\u00e3o Paulo com poucos meses de vida. Atualmente divido a calmaria do campo com a agita\u00e7\u00e3o da cidade. Sou advogada de forma\u00e7\u00e3o, entretanto, nunca me encaixei na advocacia litigante ensinada pelas faculdades. Fui para o campo da Justi\u00e7a restaurativa e media\u00e7\u00e3o de conflitos. Como consequ\u00eancia desses dois trabalhos, me formei em psican\u00e1lise. Trabalho em Carlotas com pessoas incr\u00edveis acolhendo as escolas e apoiando o jornal."}]}},"_links":{"self":[{"href":"https:\/\/carlotas.org\/bra\/wp-json\/wp\/v2\/posts\/5333","targetHints":{"allow":["GET"]}}],"collection":[{"href":"https:\/\/carlotas.org\/bra\/wp-json\/wp\/v2\/posts"}],"about":[{"href":"https:\/\/carlotas.org\/bra\/wp-json\/wp\/v2\/types\/post"}],"author":[{"embeddable":true,"href":"https:\/\/carlotas.org\/bra\/wp-json\/wp\/v2\/users\/7"}],"replies":[{"embeddable":true,"href":"https:\/\/carlotas.org\/bra\/wp-json\/wp\/v2\/comments?post=5333"}],"version-history":[{"count":34,"href":"https:\/\/carlotas.org\/bra\/wp-json\/wp\/v2\/posts\/5333\/revisions"}],"predecessor-version":[{"id":9768,"href":"https:\/\/carlotas.org\/bra\/wp-json\/wp\/v2\/posts\/5333\/revisions\/9768"}],"wp:featuredmedia":[{"embeddable":true,"href":"https:\/\/carlotas.org\/bra\/wp-json\/wp\/v2\/media\/5343"}],"wp:attachment":[{"href":"https:\/\/carlotas.org\/bra\/wp-json\/wp\/v2\/media?parent=5333"}],"wp:term":[{"taxonomy":"category","embeddable":true,"href":"https:\/\/carlotas.org\/bra\/wp-json\/wp\/v2\/categories?post=5333"},{"taxonomy":"post_tag","embeddable":true,"href":"https:\/\/carlotas.org\/bra\/wp-json\/wp\/v2\/tags?post=5333"}],"curies":[{"name":"wp","href":"https:\/\/api.w.org\/{rel}","templated":true}]}}