{"id":5512,"date":"2016-07-19T20:44:56","date_gmt":"2016-07-19T20:44:56","guid":{"rendered":"https:\/\/carlotas.org\/bra\/?p=5512"},"modified":"2024-05-27T20:46:27","modified_gmt":"2024-05-27T20:46:27","slug":"a-beleza-da-pele-humana-em-todas-as-suas-cores","status":"publish","type":"post","link":"https:\/\/carlotas.org\/bra\/a-beleza-da-pele-humana-em-todas-as-suas-cores\/","title":{"rendered":"A beleza da pele humana em todas as suas cores"},"content":{"rendered":"<p>Integrante de uma fam\u00edlia multirracial, a artista, fot\u00f3grafa e educadora brasileira, Ang\u00e9lica Dass, apresenta como diferen\u00e7as na tonalidade da pele, \u00e0s vezes quase impercept\u00edveis, podem colaborar para criar estere\u00f3tipos raciais.<\/p>\n<p>Para ilustrar que as cores da pele e ra\u00e7a s\u00e3o muito mais complexas do que aparentam \u00e0 primeira vista, Ang\u00e9lica fotografou milhares de pessoas e criou o cat\u00e1logo de cores de pele: Humanae.<\/p>\n<p>Atrav\u00e9s de seu projeto, que usa como base a escala de Pantone, a artista revela que a defini\u00e7\u00e3o simplista de ra\u00e7as em \u201cnegro, branco, amarelo e vermelho\u201d, n\u00e3o \u00e9 apenas insuficiente, imprecisa, mas como tamb\u00e9m absurda.<\/p>\n<p>Aqui voc\u00ea pode assistir \u00e0 <a href=\"https:\/\/www.ted.com\/dubbing\/angelica_dass_the_beauty_of_human_skin_in_every_color?audio=en&amp;language=en\"><ins datetime=\"2024-05-27T20:38:39+00:00\">palestra que Ang\u00e9lica fez no TEDx S\u00e3o Paulo<\/ins><\/a>, em que ela fala que \u201cessas cores nos fazem ver cada indiv\u00edduo como diferente, apesar de sermos todos iguais\u201d.<\/p>\n<p>Tamb\u00e9m conversamos com ela pessoalmente e o nosso bate-papo assite aqui:<\/p>\n<p>&nbsp;<\/p>\n","protected":false},"excerpt":{"rendered":"<p>Integrante de uma fam\u00edlia multirracial, a artista, fot\u00f3grafa e educadora brasileira, Ang\u00e9lica Dass, apresenta como diferen\u00e7as na tonalidade da pele, \u00e0s vezes quase impercept\u00edveis, podem colaborar para criar estere\u00f3tipos raciais. Para ilustrar que as cores da pele e ra\u00e7a s\u00e3o muito mais complexas do que aparentam \u00e0 primeira vista, Ang\u00e9lica fotografou milhares de pessoas e [&hellip;]<\/p>\n","protected":false},"author":15,"featured_media":5514,"comment_status":"closed","ping_status":"closed","sticky":false,"template":"","format":"standard","meta":{"_acf_changed":false,"om_disable_all_campaigns":false,"_monsterinsights_skip_tracking":false,"_monsterinsights_sitenote_active":false,"_monsterinsights_sitenote_note":"","_monsterinsights_sitenote_category":0,"_uf_show_specific_survey":0,"_uf_disable_surveys":false,"footnotes":""},"categories":[10],"tags":[86,247,457,31],"class_list":["post-5512","post","type-post","status-publish","format-standard","has-post-thumbnail","hentry","category-referencias","tag-ana-marchine","tag-arte","tag-diversidade-e-inclusao","tag-referencias"],"acf":[],"yoast_head":"<!-- This site is optimized with the Yoast SEO plugin v27.2 - https:\/\/yoast.com\/product\/yoast-seo-wordpress\/ -->\n<title>A beleza da pele humana em todas as suas cores - Carlotas<\/title>\n<meta name=\"robots\" content=\"index, follow, max-snippet:-1, max-image-preview:large, max-video-preview:-1\" \/>\n<link rel=\"canonical\" href=\"https:\/\/carlotas.org\/bra\/a-beleza-da-pele-humana-em-todas-as-suas-cores\/\" \/>\n<meta property=\"og:locale\" content=\"pt_BR\" \/>\n<meta property=\"og:type\" content=\"article\" \/>\n<meta property=\"og:title\" content=\"A beleza da pele humana em todas as suas cores - Carlotas\" \/>\n<meta property=\"og:description\" content=\"Integrante de uma fam\u00edlia multirracial, a artista, fot\u00f3grafa e educadora brasileira, Ang\u00e9lica Dass, apresenta como diferen\u00e7as na tonalidade da pele, \u00e0s vezes quase impercept\u00edveis, podem colaborar para criar estere\u00f3tipos raciais. Para ilustrar que as cores da pele e ra\u00e7a s\u00e3o muito mais complexas do que aparentam \u00e0 primeira vista, Ang\u00e9lica fotografou milhares de pessoas e [&hellip;]\" \/>\n<meta property=\"og:url\" content=\"https:\/\/carlotas.org\/bra\/a-beleza-da-pele-humana-em-todas-as-suas-cores\/\" \/>\n<meta property=\"og:site_name\" content=\"Carlotas\" \/>\n<meta property=\"article:publisher\" content=\"https:\/\/www.facebook.com\/carlotasworld\" \/>\n<meta property=\"article:published_time\" content=\"2016-07-19T20:44:56+00:00\" \/>\n<meta property=\"article:modified_time\" content=\"2024-05-27T20:46:27+00:00\" \/>\n<meta property=\"og:image\" content=\"https:\/\/carlotas.org\/bra\/wp-content\/uploads\/2024\/05\/184abpht.jpg\" \/>\n\t<meta property=\"og:image:width\" content=\"1160\" \/>\n\t<meta property=\"og:image:height\" content=\"465\" \/>\n\t<meta property=\"og:image:type\" content=\"image\/jpeg\" \/>\n<meta name=\"author\" content=\"Ana Marchine\" \/>\n<meta name=\"twitter:card\" content=\"summary_large_image\" \/>\n<meta name=\"twitter:label1\" content=\"Escrito por\" \/>\n\t<meta name=\"twitter:data1\" content=\"Ana Marchine\" \/>\n\t<meta name=\"twitter:label2\" content=\"Est. tempo de leitura\" \/>\n\t<meta name=\"twitter:data2\" content=\"1 minuto\" \/>\n<script type=\"application\/ld+json\" class=\"yoast-schema-graph\">{\"@context\":\"https:\/\/schema.org\",\"@graph\":[{\"@type\":\"Article\",\"@id\":\"https:\/\/carlotas.org\/bra\/a-beleza-da-pele-humana-em-todas-as-suas-cores\/#article\",\"isPartOf\":{\"@id\":\"https:\/\/carlotas.org\/bra\/a-beleza-da-pele-humana-em-todas-as-suas-cores\/\"},\"author\":{\"name\":\"Ana Marchine\",\"@id\":\"https:\/\/carlotas.org\/bra\/#\/schema\/person\/3731eb59d81e6cc169956f1d643781bb\"},\"headline\":\"A beleza da pele humana em todas as suas cores\",\"datePublished\":\"2016-07-19T20:44:56+00:00\",\"dateModified\":\"2024-05-27T20:46:27+00:00\",\"mainEntityOfPage\":{\"@id\":\"https:\/\/carlotas.org\/bra\/a-beleza-da-pele-humana-em-todas-as-suas-cores\/\"},\"wordCount\":169,\"publisher\":{\"@id\":\"https:\/\/carlotas.org\/bra\/#organization\"},\"image\":{\"@id\":\"https:\/\/carlotas.org\/bra\/a-beleza-da-pele-humana-em-todas-as-suas-cores\/#primaryimage\"},\"thumbnailUrl\":\"https:\/\/carlotas.org\/bra\/wp-content\/uploads\/2024\/05\/184abpht.jpg\",\"keywords\":[\"Ana Marchine\",\"Arte\",\"Diversidade e Inclus\u00e3o\",\"Refer\u00eancias\"],\"articleSection\":[\"Refer\u00eancias\"],\"inLanguage\":\"pt-BR\"},{\"@type\":\"WebPage\",\"@id\":\"https:\/\/carlotas.org\/bra\/a-beleza-da-pele-humana-em-todas-as-suas-cores\/\",\"url\":\"https:\/\/carlotas.org\/bra\/a-beleza-da-pele-humana-em-todas-as-suas-cores\/\",\"name\":\"A beleza da pele humana em todas as suas cores - Carlotas\",\"isPartOf\":{\"@id\":\"https:\/\/carlotas.org\/bra\/#website\"},\"primaryImageOfPage\":{\"@id\":\"https:\/\/carlotas.org\/bra\/a-beleza-da-pele-humana-em-todas-as-suas-cores\/#primaryimage\"},\"image\":{\"@id\":\"https:\/\/carlotas.org\/bra\/a-beleza-da-pele-humana-em-todas-as-suas-cores\/#primaryimage\"},\"thumbnailUrl\":\"https:\/\/carlotas.org\/bra\/wp-content\/uploads\/2024\/05\/184abpht.jpg\",\"datePublished\":\"2016-07-19T20:44:56+00:00\",\"dateModified\":\"2024-05-27T20:46:27+00:00\",\"breadcrumb\":{\"@id\":\"https:\/\/carlotas.org\/bra\/a-beleza-da-pele-humana-em-todas-as-suas-cores\/#breadcrumb\"},\"inLanguage\":\"pt-BR\",\"potentialAction\":[{\"@type\":\"ReadAction\",\"target\":[\"https:\/\/carlotas.org\/bra\/a-beleza-da-pele-humana-em-todas-as-suas-cores\/\"]}]},{\"@type\":\"ImageObject\",\"inLanguage\":\"pt-BR\",\"@id\":\"https:\/\/carlotas.org\/bra\/a-beleza-da-pele-humana-em-todas-as-suas-cores\/#primaryimage\",\"url\":\"https:\/\/carlotas.org\/bra\/wp-content\/uploads\/2024\/05\/184abpht.jpg\",\"contentUrl\":\"https:\/\/carlotas.org\/bra\/wp-content\/uploads\/2024\/05\/184abpht.jpg\",\"width\":1160,\"height\":465},{\"@type\":\"BreadcrumbList\",\"@id\":\"https:\/\/carlotas.org\/bra\/a-beleza-da-pele-humana-em-todas-as-suas-cores\/#breadcrumb\",\"itemListElement\":[{\"@type\":\"ListItem\",\"position\":1,\"name\":\"In\u00edcio\",\"item\":\"https:\/\/carlotas.org\/bra\/\"},{\"@type\":\"ListItem\",\"position\":2,\"name\":\"A beleza da pele humana em todas as suas cores\"}]},{\"@type\":\"WebSite\",\"@id\":\"https:\/\/carlotas.org\/bra\/#website\",\"url\":\"https:\/\/carlotas.org\/bra\/\",\"name\":\"Carlotas\",\"description\":\"A pot\u00eancia da empatia e A for\u00e7a da diversidade\",\"publisher\":{\"@id\":\"https:\/\/carlotas.org\/bra\/#organization\"},\"potentialAction\":[{\"@type\":\"SearchAction\",\"target\":{\"@type\":\"EntryPoint\",\"urlTemplate\":\"https:\/\/carlotas.org\/bra\/?s={search_term_string}\"},\"query-input\":{\"@type\":\"PropertyValueSpecification\",\"valueRequired\":true,\"valueName\":\"search_term_string\"}}],\"inLanguage\":\"pt-BR\"},{\"@type\":\"Organization\",\"@id\":\"https:\/\/carlotas.org\/bra\/#organization\",\"name\":\"Carlotas\",\"url\":\"https:\/\/carlotas.org\/bra\/\",\"logo\":{\"@type\":\"ImageObject\",\"inLanguage\":\"pt-BR\",\"@id\":\"https:\/\/carlotas.org\/bra\/#\/schema\/logo\/image\/\",\"url\":\"https:\/\/carlotas.org\/bra\/wp-content\/uploads\/2022\/11\/carlotas_logo.png\",\"contentUrl\":\"https:\/\/carlotas.org\/bra\/wp-content\/uploads\/2022\/11\/carlotas_logo.png\",\"width\":288,\"height\":47,\"caption\":\"Carlotas\"},\"image\":{\"@id\":\"https:\/\/carlotas.org\/bra\/#\/schema\/logo\/image\/\"},\"sameAs\":[\"https:\/\/www.facebook.com\/carlotasworld\",\"https:\/\/www.linkedin.com\/company\/3712330\/\",\"https:\/\/www.youtube.com\/channel\/UCkW318Qeld92l3fns2P87lA\",\"https:\/\/open.spotify.com\/show\/2PMlthYIkYi0uSvvBAYGKP\"]},{\"@type\":\"Person\",\"@id\":\"https:\/\/carlotas.org\/bra\/#\/schema\/person\/3731eb59d81e6cc169956f1d643781bb\",\"name\":\"Ana Marchine\",\"image\":{\"@type\":\"ImageObject\",\"inLanguage\":\"pt-BR\",\"@id\":\"https:\/\/carlotas.org\/bra\/wp-content\/uploads\/2023\/06\/29ana-96x96.png\",\"url\":\"https:\/\/carlotas.org\/bra\/wp-content\/uploads\/2023\/06\/29ana-96x96.png\",\"contentUrl\":\"https:\/\/carlotas.org\/bra\/wp-content\/uploads\/2023\/06\/29ana-96x96.png\",\"caption\":\"Ana Marchine\"},\"description\":\"Acredito no amor, respeito, na educa\u00e7\u00e3o e empatia para transformar nossas vidas, a comunidade e o mundo. Tenho f\u00e9 na sinergia de um Universo abundante. Por isso, quando d\u00e1 aquele friozinho na barriga diante de um desafio, eu penso: \u201cmete o p\u00e9, que o Universo p\u00f5e o ch\u00e3o\u201d.\"}]}<\/script>\n<!-- \/ Yoast SEO plugin. -->","yoast_head_json":{"title":"A beleza da pele humana em todas as suas cores - Carlotas","robots":{"index":"index","follow":"follow","max-snippet":"max-snippet:-1","max-image-preview":"max-image-preview:large","max-video-preview":"max-video-preview:-1"},"canonical":"https:\/\/carlotas.org\/bra\/a-beleza-da-pele-humana-em-todas-as-suas-cores\/","og_locale":"pt_BR","og_type":"article","og_title":"A beleza da pele humana em todas as suas cores - Carlotas","og_description":"Integrante de uma fam\u00edlia multirracial, a artista, fot\u00f3grafa e educadora brasileira, Ang\u00e9lica Dass, apresenta como diferen\u00e7as na tonalidade da pele, \u00e0s vezes quase impercept\u00edveis, podem colaborar para criar estere\u00f3tipos raciais. Para ilustrar que as cores da pele e ra\u00e7a s\u00e3o muito mais complexas do que aparentam \u00e0 primeira vista, Ang\u00e9lica fotografou milhares de pessoas e [&hellip;]","og_url":"https:\/\/carlotas.org\/bra\/a-beleza-da-pele-humana-em-todas-as-suas-cores\/","og_site_name":"Carlotas","article_publisher":"https:\/\/www.facebook.com\/carlotasworld","article_published_time":"2016-07-19T20:44:56+00:00","article_modified_time":"2024-05-27T20:46:27+00:00","og_image":[{"width":1160,"height":465,"url":"https:\/\/carlotas.org\/bra\/wp-content\/uploads\/2024\/05\/184abpht.jpg","type":"image\/jpeg"}],"author":"Ana Marchine","twitter_card":"summary_large_image","twitter_misc":{"Escrito por":"Ana Marchine","Est. tempo de leitura":"1 minuto"},"schema":{"@context":"https:\/\/schema.org","@graph":[{"@type":"Article","@id":"https:\/\/carlotas.org\/bra\/a-beleza-da-pele-humana-em-todas-as-suas-cores\/#article","isPartOf":{"@id":"https:\/\/carlotas.org\/bra\/a-beleza-da-pele-humana-em-todas-as-suas-cores\/"},"author":{"name":"Ana Marchine","@id":"https:\/\/carlotas.org\/bra\/#\/schema\/person\/3731eb59d81e6cc169956f1d643781bb"},"headline":"A beleza da pele humana em todas as suas cores","datePublished":"2016-07-19T20:44:56+00:00","dateModified":"2024-05-27T20:46:27+00:00","mainEntityOfPage":{"@id":"https:\/\/carlotas.org\/bra\/a-beleza-da-pele-humana-em-todas-as-suas-cores\/"},"wordCount":169,"publisher":{"@id":"https:\/\/carlotas.org\/bra\/#organization"},"image":{"@id":"https:\/\/carlotas.org\/bra\/a-beleza-da-pele-humana-em-todas-as-suas-cores\/#primaryimage"},"thumbnailUrl":"https:\/\/carlotas.org\/bra\/wp-content\/uploads\/2024\/05\/184abpht.jpg","keywords":["Ana Marchine","Arte","Diversidade e Inclus\u00e3o","Refer\u00eancias"],"articleSection":["Refer\u00eancias"],"inLanguage":"pt-BR"},{"@type":"WebPage","@id":"https:\/\/carlotas.org\/bra\/a-beleza-da-pele-humana-em-todas-as-suas-cores\/","url":"https:\/\/carlotas.org\/bra\/a-beleza-da-pele-humana-em-todas-as-suas-cores\/","name":"A beleza da pele humana em todas as suas cores - Carlotas","isPartOf":{"@id":"https:\/\/carlotas.org\/bra\/#website"},"primaryImageOfPage":{"@id":"https:\/\/carlotas.org\/bra\/a-beleza-da-pele-humana-em-todas-as-suas-cores\/#primaryimage"},"image":{"@id":"https:\/\/carlotas.org\/bra\/a-beleza-da-pele-humana-em-todas-as-suas-cores\/#primaryimage"},"thumbnailUrl":"https:\/\/carlotas.org\/bra\/wp-content\/uploads\/2024\/05\/184abpht.jpg","datePublished":"2016-07-19T20:44:56+00:00","dateModified":"2024-05-27T20:46:27+00:00","breadcrumb":{"@id":"https:\/\/carlotas.org\/bra\/a-beleza-da-pele-humana-em-todas-as-suas-cores\/#breadcrumb"},"inLanguage":"pt-BR","potentialAction":[{"@type":"ReadAction","target":["https:\/\/carlotas.org\/bra\/a-beleza-da-pele-humana-em-todas-as-suas-cores\/"]}]},{"@type":"ImageObject","inLanguage":"pt-BR","@id":"https:\/\/carlotas.org\/bra\/a-beleza-da-pele-humana-em-todas-as-suas-cores\/#primaryimage","url":"https:\/\/carlotas.org\/bra\/wp-content\/uploads\/2024\/05\/184abpht.jpg","contentUrl":"https:\/\/carlotas.org\/bra\/wp-content\/uploads\/2024\/05\/184abpht.jpg","width":1160,"height":465},{"@type":"BreadcrumbList","@id":"https:\/\/carlotas.org\/bra\/a-beleza-da-pele-humana-em-todas-as-suas-cores\/#breadcrumb","itemListElement":[{"@type":"ListItem","position":1,"name":"In\u00edcio","item":"https:\/\/carlotas.org\/bra\/"},{"@type":"ListItem","position":2,"name":"A beleza da pele humana em todas as suas cores"}]},{"@type":"WebSite","@id":"https:\/\/carlotas.org\/bra\/#website","url":"https:\/\/carlotas.org\/bra\/","name":"Carlotas","description":"A pot\u00eancia da empatia e A for\u00e7a da diversidade","publisher":{"@id":"https:\/\/carlotas.org\/bra\/#organization"},"potentialAction":[{"@type":"SearchAction","target":{"@type":"EntryPoint","urlTemplate":"https:\/\/carlotas.org\/bra\/?s={search_term_string}"},"query-input":{"@type":"PropertyValueSpecification","valueRequired":true,"valueName":"search_term_string"}}],"inLanguage":"pt-BR"},{"@type":"Organization","@id":"https:\/\/carlotas.org\/bra\/#organization","name":"Carlotas","url":"https:\/\/carlotas.org\/bra\/","logo":{"@type":"ImageObject","inLanguage":"pt-BR","@id":"https:\/\/carlotas.org\/bra\/#\/schema\/logo\/image\/","url":"https:\/\/carlotas.org\/bra\/wp-content\/uploads\/2022\/11\/carlotas_logo.png","contentUrl":"https:\/\/carlotas.org\/bra\/wp-content\/uploads\/2022\/11\/carlotas_logo.png","width":288,"height":47,"caption":"Carlotas"},"image":{"@id":"https:\/\/carlotas.org\/bra\/#\/schema\/logo\/image\/"},"sameAs":["https:\/\/www.facebook.com\/carlotasworld","https:\/\/www.linkedin.com\/company\/3712330\/","https:\/\/www.youtube.com\/channel\/UCkW318Qeld92l3fns2P87lA","https:\/\/open.spotify.com\/show\/2PMlthYIkYi0uSvvBAYGKP"]},{"@type":"Person","@id":"https:\/\/carlotas.org\/bra\/#\/schema\/person\/3731eb59d81e6cc169956f1d643781bb","name":"Ana Marchine","image":{"@type":"ImageObject","inLanguage":"pt-BR","@id":"https:\/\/carlotas.org\/bra\/wp-content\/uploads\/2023\/06\/29ana-96x96.png","url":"https:\/\/carlotas.org\/bra\/wp-content\/uploads\/2023\/06\/29ana-96x96.png","contentUrl":"https:\/\/carlotas.org\/bra\/wp-content\/uploads\/2023\/06\/29ana-96x96.png","caption":"Ana Marchine"},"description":"Acredito no amor, respeito, na educa\u00e7\u00e3o e empatia para transformar nossas vidas, a comunidade e o mundo. Tenho f\u00e9 na sinergia de um Universo abundante. Por isso, quando d\u00e1 aquele friozinho na barriga diante de um desafio, eu penso: \u201cmete o p\u00e9, que o Universo p\u00f5e o ch\u00e3o\u201d."}]}},"_links":{"self":[{"href":"https:\/\/carlotas.org\/bra\/wp-json\/wp\/v2\/posts\/5512","targetHints":{"allow":["GET"]}}],"collection":[{"href":"https:\/\/carlotas.org\/bra\/wp-json\/wp\/v2\/posts"}],"about":[{"href":"https:\/\/carlotas.org\/bra\/wp-json\/wp\/v2\/types\/post"}],"author":[{"embeddable":true,"href":"https:\/\/carlotas.org\/bra\/wp-json\/wp\/v2\/users\/15"}],"replies":[{"embeddable":true,"href":"https:\/\/carlotas.org\/bra\/wp-json\/wp\/v2\/comments?post=5512"}],"version-history":[{"count":1,"href":"https:\/\/carlotas.org\/bra\/wp-json\/wp\/v2\/posts\/5512\/revisions"}],"predecessor-version":[{"id":5518,"href":"https:\/\/carlotas.org\/bra\/wp-json\/wp\/v2\/posts\/5512\/revisions\/5518"}],"wp:featuredmedia":[{"embeddable":true,"href":"https:\/\/carlotas.org\/bra\/wp-json\/wp\/v2\/media\/5514"}],"wp:attachment":[{"href":"https:\/\/carlotas.org\/bra\/wp-json\/wp\/v2\/media?parent=5512"}],"wp:term":[{"taxonomy":"category","embeddable":true,"href":"https:\/\/carlotas.org\/bra\/wp-json\/wp\/v2\/categories?post=5512"},{"taxonomy":"post_tag","embeddable":true,"href":"https:\/\/carlotas.org\/bra\/wp-json\/wp\/v2\/tags?post=5512"}],"curies":[{"name":"wp","href":"https:\/\/api.w.org\/{rel}","templated":true}]}}