{"id":5808,"date":"2025-06-19T00:00:07","date_gmt":"2025-06-19T00:00:07","guid":{"rendered":"https:\/\/carlotas.org\/bra\/?p=5808"},"modified":"2025-06-20T17:45:31","modified_gmt":"2025-06-20T17:45:31","slug":"dia-do-imigrante-migrante-ou-refugiado","status":"publish","type":"post","link":"https:\/\/carlotas.org\/bra\/dia-do-imigrante-migrante-ou-refugiado\/","title":{"rendered":"Dia do &#8220;Imigrante, Migrante ou Refugiado&#8221;?"},"content":{"rendered":"<p><span style=\"font-weight: 400;\">Se voc\u00ea tem o calend\u00e1rio de Carlotas de 2024, poder\u00e1 observar que no m\u00eas de junho, as <\/span><strong>datas importantes destacadas trazem os seguintes dias:<\/strong><\/p>\n<blockquote><p><strong>19 de junho \u2013 Dia Nacional do Migrante<\/strong><\/p>\n<p><strong>20 de junho \u2013 Dia Internacional do Refugiado<\/strong><\/p>\n<p><strong>25 de junho \u2013 Dia Nacional do Imigrante<\/strong><\/p><\/blockquote>\n<h4><b>Lendo isso, voc\u00ea pode se perguntar: mas migrante, imigrante e refugiado n\u00e3o s\u00e3o a mesma coisa?\u00a0<\/b><b>Qual \u00e9 a diferen\u00e7a e por que ter datas individuais para cada um deles?<\/b><\/h4>\n<p><span style=\"font-weight: 400;\">Os termos s\u00e3o frequentemente usados para descrever pessoas que se deslocam de um <\/span><span style=\"font-weight: 400;\">lugar para o outro, mas cada um tem uma conota\u00e7\u00e3o espec\u00edfica, dependendo do ponto de <\/span><span style=\"font-weight: 400;\">vista geogr\u00e1fico adotado. Quando falamos em \u2018Migrante\u2019, estamos nos referindo a uma <\/span><span style=\"font-weight: 400;\">categoria maior, sendo que \u2018imigrantes\u2019 e \u2018refugiados\u2019 s\u00e3o duas subcategorias.<\/span><\/p>\n<h4><strong>Explicando com mais detalhes:<\/strong><\/h4>\n<blockquote><p><span style=\"font-weight: 400;\"><strong>\u2018Migrante\u2019<\/strong> \u00e9 toda pessoa que se transfere de seu lugar habitual, de sua resid\u00eancia comum <\/span><span style=\"font-weight: 400;\">ou de seu local de nascimento, para outro lugar, regi\u00e3o ou pa\u00eds. \u00c9 o termo comum usado <\/span><span style=\"font-weight: 400;\">para definir as migra\u00e7\u00f5es em geral, tanto de entrada quanto de sa\u00edda de um lugar: <\/span><span style=\"font-weight: 400;\">imigra\u00e7\u00e3o e emigra\u00e7\u00e3o, como tamb\u00e9m: migra\u00e7\u00f5es internas ou internacionais, referindo-se <\/span><span style=\"font-weight: 400;\">aos movimentos de migrantes al\u00e9m de suas fronteiras. (Fonte: Instituto Migra\u00e7\u00f5es e Direitos <\/span><span style=\"font-weight: 400;\">Humanos).<\/span><\/p>\n<p>&nbsp;<\/p>\n<p><span style=\"font-weight: 400;\">J\u00e1 os <strong>\u2018Imigrantes\u2019 s<\/strong>\u00e3o pessoas nacionais de outro pa\u00eds que se estabelecem tempor\u00e1ria ou <\/span><span style=\"font-weight: 400;\">definitivamente em um outro local. Segundo a Organiza\u00e7\u00e3o Internacional para os Migrantes <\/span><span style=\"font-weight: 400;\">(OIM) no \u00faltimo Relat\u00f3rio de Migra\u00e7\u00e3o Mundial: \u201c281 milh\u00f5es de pessoas estavam <\/span><span style=\"font-weight: 400;\">vivendo como migrantes internacionais no mundo\u201d. Dentre estes, o n\u00famero de pessoas <\/span><span style=\"font-weight: 400;\">deslocadas devido a desastres, conflitos e viol\u00eancia, alcan\u00e7ou a cifra recorde de 117 <\/span><span style=\"font-weight: 400;\">milh\u00f5es ao final de 2022 &#8211; o que nos traz o \u00faltimo termo.<\/span><\/p>\n<p>&nbsp;<\/p>\n<p><span style=\"font-weight: 400;\"><strong>\u2018Refugiado\u2019<\/strong> \u00e9 todo indiv\u00edduo obrigado a deixar seu pa\u00eds de nacionalidade para buscar <\/span><span style=\"font-weight: 400;\">ref\u00fagio em outro pa\u00eds, por motivos de ra\u00e7a, religi\u00e3o, nacionalidade, grupo social ou opini\u00f5es <\/span><span style=\"font-weight: 400;\">pol\u00edticas. Se encontra fora do pa\u00eds onde antes teve sua resid\u00eancia habitual, n\u00e3o podendo <\/span><span style=\"font-weight: 400;\">ou n\u00e3o querendo regressar a ele, em fun\u00e7\u00e3o das circunst\u00e2ncias, normalmente, de viola\u00e7\u00e3o <\/span><span style=\"font-weight: 400;\">de direitos humanos. (Fonte: Lei Brasileira 9474\/1997).<\/span><\/p><\/blockquote>\n<p>&nbsp;<\/p>\n<h4><b>E qual \u00e9 a import\u00e2ncia de destacar e ter datas que remetam e promovam di\u00e1logo sobre estas condi\u00e7\u00f5es humanas?\u00a0<\/b><\/h4>\n<p><span style=\"font-weight: 400;\">Primeiro porque abrange um n\u00famero muito grande de <\/span><span style=\"font-weight: 400;\">pessoas (com tend\u00eancia a aumentar) mas principalmente, devido a todas as consequ\u00eancias <\/span><span style=\"font-weight: 400;\">que esta movimenta\u00e7\u00e3o de pessoas causa no mundo e nas rela\u00e7\u00f5es. <\/span><span style=\"font-weight: 400;\">No Brasil, segundo a Ag\u00eancia da ONU para Refugiados (ACNUR) \u201capenas em 2020, foram <\/span><span style=\"font-weight: 400;\">feitas 28.899 solicita\u00e7\u00f5es da condi\u00e7\u00e3o de refugiado, sendo que o \u00f3rg\u00e3o reconheceu 26.577 <\/span><span style=\"font-weight: 400;\">pessoas de diversas nacionalidades como refugiadas.\u201d <\/span><\/p>\n<p><span style=\"font-weight: 400;\">Tamb\u00e9m segundo o ACNUR, <\/span><span style=\"font-weight: 400;\">em meados de 2023, existiam em todo o mundo 36,4 milh\u00f5es de refugiados. <\/span><\/p>\n<p><span style=\"font-weight: 400;\">Diante desses dados, n\u00e3o h\u00e1 d\u00favidas: migra\u00e7\u00e3o e ref\u00fagio s\u00e3o temas atuais fundamentais e pedem<\/span><span style=\"font-weight: 400;\">\u00a0aten\u00e7\u00e3o e o desenvolvimento de orienta\u00e7\u00f5es e estrat\u00e9gias globais que <\/span><span style=\"font-weight: 400;\">estabele\u00e7am, de certa forma, controle e uma gest\u00e3o de migra\u00e7\u00e3o mais humana e <\/span><span style=\"font-weight: 400;\">respeitosa. Independente se com o imigrante, o migrante ou o refugiado.<\/span><\/p>\n<p>&nbsp;<\/p>\n<p><!--more--><\/p>\n<p><em>Artigo postado originalmente em 20 de junho de 2024 e repostado para as datas relevantes sobre o tema este ano: Dia Nacional do Migrante, Dia Internacional do Refugiado e Dia Nacional do Imigrante.<\/em><\/p>\n<p><span style=\"font-weight: 400;\">Gostou deste texto: &#8220;<strong>Dia do \u201cImigrante, Migrante ou Refugiado<\/strong>\u201d?<\/span><\/p>\n<p><span style=\"font-weight: 400;\">Leia tamb\u00e9m: <\/span><strong><span style=\"text-decoration: underline;\"><a href=\"https:\/\/carlotas.org\/bra\/empoderando-historias-mulheres-negras-imigrantes-e-empreendedoras\/\">Empoderando Hist\u00f3rias: Mulheres Negras, Migrantes e Empreendedoras<\/a><\/span><\/strong><\/p>\n","protected":false},"excerpt":{"rendered":"<p>Se voc\u00ea tem o calend\u00e1rio de Carlotas de 2024, poder\u00e1 observar que no m\u00eas de junho, as datas importantes destacadas trazem os seguintes dias: 19 de junho \u2013 Dia Nacional do Migrante 20 de junho \u2013 Dia Internacional do Refugiado 25 de junho \u2013 Dia Nacional do Imigrante Lendo isso, voc\u00ea pode se perguntar: mas [&hellip;]<\/p>\n","protected":false},"author":49,"featured_media":5819,"comment_status":"closed","ping_status":"closed","sticky":false,"template":"","format":"standard","meta":{"_acf_changed":false,"om_disable_all_campaigns":false,"_monsterinsights_skip_tracking":false,"_monsterinsights_sitenote_active":false,"_monsterinsights_sitenote_note":"","_monsterinsights_sitenote_category":0,"_uf_show_specific_survey":0,"_uf_disable_surveys":false,"footnotes":""},"categories":[1],"tags":[351,135,36,344],"class_list":["post-5808","post","type-post","status-publish","format-standard","has-post-thumbnail","hentry","category-opiniao","tag-carlotas-alemanha","tag-direitos-humanos","tag-opiniao","tag-refugio-e-migracao"],"acf":[],"yoast_head":"<!-- This site is optimized with the Yoast SEO plugin v27.2 - https:\/\/yoast.com\/product\/yoast-seo-wordpress\/ -->\n<title>Dia do &quot;Imigrante, Migrante ou Refugiado&quot;? - Carlotas<\/title>\n<meta name=\"robots\" content=\"index, follow, max-snippet:-1, max-image-preview:large, max-video-preview:-1\" \/>\n<link rel=\"canonical\" href=\"https:\/\/carlotas.org\/bra\/dia-do-imigrante-migrante-ou-refugiado\/\" \/>\n<meta property=\"og:locale\" content=\"pt_BR\" \/>\n<meta property=\"og:type\" content=\"article\" \/>\n<meta property=\"og:title\" content=\"Dia do &quot;Imigrante, Migrante ou Refugiado&quot;? - Carlotas\" \/>\n<meta property=\"og:description\" content=\"Se voc\u00ea tem o calend\u00e1rio de Carlotas de 2024, poder\u00e1 observar que no m\u00eas de junho, as datas importantes destacadas trazem os seguintes dias: 19 de junho \u2013 Dia Nacional do Migrante 20 de junho \u2013 Dia Internacional do Refugiado 25 de junho \u2013 Dia Nacional do Imigrante Lendo isso, voc\u00ea pode se perguntar: mas [&hellip;]\" \/>\n<meta property=\"og:url\" content=\"https:\/\/carlotas.org\/bra\/dia-do-imigrante-migrante-ou-refugiado\/\" \/>\n<meta property=\"og:site_name\" content=\"Carlotas\" \/>\n<meta property=\"article:publisher\" content=\"https:\/\/www.facebook.com\/carlotasworld\" \/>\n<meta property=\"article:published_time\" content=\"2025-06-19T00:00:07+00:00\" \/>\n<meta property=\"article:modified_time\" content=\"2025-06-20T17:45:31+00:00\" \/>\n<meta property=\"og:image\" content=\"https:\/\/carlotas.org\/bra\/wp-content\/uploads\/2024\/06\/CAPA-migrante-imigrante-e-refugiado.png\" \/>\n\t<meta property=\"og:image:width\" content=\"1250\" \/>\n\t<meta property=\"og:image:height\" content=\"595\" \/>\n\t<meta property=\"og:image:type\" content=\"image\/png\" \/>\n<meta name=\"author\" content=\"Ludmila Baio\" \/>\n<meta name=\"twitter:card\" content=\"summary_large_image\" \/>\n<meta name=\"twitter:label1\" content=\"Escrito por\" \/>\n\t<meta name=\"twitter:data1\" content=\"Ludmila Baio\" \/>\n\t<meta name=\"twitter:label2\" content=\"Est. tempo de leitura\" \/>\n\t<meta name=\"twitter:data2\" content=\"2 minutos\" \/>\n<script type=\"application\/ld+json\" class=\"yoast-schema-graph\">{\"@context\":\"https:\/\/schema.org\",\"@graph\":[{\"@type\":\"Article\",\"@id\":\"https:\/\/carlotas.org\/bra\/dia-do-imigrante-migrante-ou-refugiado\/#article\",\"isPartOf\":{\"@id\":\"https:\/\/carlotas.org\/bra\/dia-do-imigrante-migrante-ou-refugiado\/\"},\"author\":{\"name\":\"Ludmila Baio\",\"@id\":\"https:\/\/carlotas.org\/bra\/#\/schema\/person\/7b65b8987f10099ba28ace81d933a8bf\"},\"headline\":\"Dia do &#8220;Imigrante, Migrante ou Refugiado&#8221;?\",\"datePublished\":\"2025-06-19T00:00:07+00:00\",\"dateModified\":\"2025-06-20T17:45:31+00:00\",\"mainEntityOfPage\":{\"@id\":\"https:\/\/carlotas.org\/bra\/dia-do-imigrante-migrante-ou-refugiado\/\"},\"wordCount\":601,\"publisher\":{\"@id\":\"https:\/\/carlotas.org\/bra\/#organization\"},\"image\":{\"@id\":\"https:\/\/carlotas.org\/bra\/dia-do-imigrante-migrante-ou-refugiado\/#primaryimage\"},\"thumbnailUrl\":\"https:\/\/carlotas.org\/bra\/wp-content\/uploads\/2024\/06\/CAPA-migrante-imigrante-e-refugiado.png\",\"keywords\":[\"Carlotas Alemanha\",\"Direitos Humanos\",\"Opini\u00e3o\",\"Ref\u00fagio e Migra\u00e7\u00e3o\"],\"articleSection\":[\"Opini\u00f5es\"],\"inLanguage\":\"pt-BR\"},{\"@type\":\"WebPage\",\"@id\":\"https:\/\/carlotas.org\/bra\/dia-do-imigrante-migrante-ou-refugiado\/\",\"url\":\"https:\/\/carlotas.org\/bra\/dia-do-imigrante-migrante-ou-refugiado\/\",\"name\":\"Dia do \\\"Imigrante, Migrante ou Refugiado\\\"? - Carlotas\",\"isPartOf\":{\"@id\":\"https:\/\/carlotas.org\/bra\/#website\"},\"primaryImageOfPage\":{\"@id\":\"https:\/\/carlotas.org\/bra\/dia-do-imigrante-migrante-ou-refugiado\/#primaryimage\"},\"image\":{\"@id\":\"https:\/\/carlotas.org\/bra\/dia-do-imigrante-migrante-ou-refugiado\/#primaryimage\"},\"thumbnailUrl\":\"https:\/\/carlotas.org\/bra\/wp-content\/uploads\/2024\/06\/CAPA-migrante-imigrante-e-refugiado.png\",\"datePublished\":\"2025-06-19T00:00:07+00:00\",\"dateModified\":\"2025-06-20T17:45:31+00:00\",\"breadcrumb\":{\"@id\":\"https:\/\/carlotas.org\/bra\/dia-do-imigrante-migrante-ou-refugiado\/#breadcrumb\"},\"inLanguage\":\"pt-BR\",\"potentialAction\":[{\"@type\":\"ReadAction\",\"target\":[\"https:\/\/carlotas.org\/bra\/dia-do-imigrante-migrante-ou-refugiado\/\"]}]},{\"@type\":\"ImageObject\",\"inLanguage\":\"pt-BR\",\"@id\":\"https:\/\/carlotas.org\/bra\/dia-do-imigrante-migrante-ou-refugiado\/#primaryimage\",\"url\":\"https:\/\/carlotas.org\/bra\/wp-content\/uploads\/2024\/06\/CAPA-migrante-imigrante-e-refugiado.png\",\"contentUrl\":\"https:\/\/carlotas.org\/bra\/wp-content\/uploads\/2024\/06\/CAPA-migrante-imigrante-e-refugiado.png\",\"width\":1250,\"height\":595},{\"@type\":\"BreadcrumbList\",\"@id\":\"https:\/\/carlotas.org\/bra\/dia-do-imigrante-migrante-ou-refugiado\/#breadcrumb\",\"itemListElement\":[{\"@type\":\"ListItem\",\"position\":1,\"name\":\"In\u00edcio\",\"item\":\"https:\/\/carlotas.org\/bra\/\"},{\"@type\":\"ListItem\",\"position\":2,\"name\":\"Dia do &#8220;Imigrante, Migrante ou Refugiado&#8221;?\"}]},{\"@type\":\"WebSite\",\"@id\":\"https:\/\/carlotas.org\/bra\/#website\",\"url\":\"https:\/\/carlotas.org\/bra\/\",\"name\":\"Carlotas\",\"description\":\"A pot\u00eancia da empatia e A for\u00e7a da diversidade\",\"publisher\":{\"@id\":\"https:\/\/carlotas.org\/bra\/#organization\"},\"potentialAction\":[{\"@type\":\"SearchAction\",\"target\":{\"@type\":\"EntryPoint\",\"urlTemplate\":\"https:\/\/carlotas.org\/bra\/?s={search_term_string}\"},\"query-input\":{\"@type\":\"PropertyValueSpecification\",\"valueRequired\":true,\"valueName\":\"search_term_string\"}}],\"inLanguage\":\"pt-BR\"},{\"@type\":\"Organization\",\"@id\":\"https:\/\/carlotas.org\/bra\/#organization\",\"name\":\"Carlotas\",\"url\":\"https:\/\/carlotas.org\/bra\/\",\"logo\":{\"@type\":\"ImageObject\",\"inLanguage\":\"pt-BR\",\"@id\":\"https:\/\/carlotas.org\/bra\/#\/schema\/logo\/image\/\",\"url\":\"https:\/\/carlotas.org\/bra\/wp-content\/uploads\/2022\/11\/carlotas_logo.png\",\"contentUrl\":\"https:\/\/carlotas.org\/bra\/wp-content\/uploads\/2022\/11\/carlotas_logo.png\",\"width\":288,\"height\":47,\"caption\":\"Carlotas\"},\"image\":{\"@id\":\"https:\/\/carlotas.org\/bra\/#\/schema\/logo\/image\/\"},\"sameAs\":[\"https:\/\/www.facebook.com\/carlotasworld\",\"https:\/\/www.linkedin.com\/company\/3712330\/\",\"https:\/\/www.youtube.com\/channel\/UCkW318Qeld92l3fns2P87lA\",\"https:\/\/open.spotify.com\/show\/2PMlthYIkYi0uSvvBAYGKP\"]},{\"@type\":\"Person\",\"@id\":\"https:\/\/carlotas.org\/bra\/#\/schema\/person\/7b65b8987f10099ba28ace81d933a8bf\",\"name\":\"Ludmila Baio\",\"image\":{\"@type\":\"ImageObject\",\"inLanguage\":\"pt-BR\",\"@id\":\"https:\/\/carlotas.org\/bra\/wp-content\/uploads\/2023\/07\/Ludmila-96x96.png\",\"url\":\"https:\/\/carlotas.org\/bra\/wp-content\/uploads\/2023\/07\/Ludmila-96x96.png\",\"contentUrl\":\"https:\/\/carlotas.org\/bra\/wp-content\/uploads\/2023\/07\/Ludmila-96x96.png\",\"caption\":\"Ludmila Baio\"},\"description\":\"Luso-brasileira vivendo na Alemanha, encontrou Carlotas na Internet, participou de cursos para mulheres migrantes e se encantou por este mundo de empatia, diversidade e respeito. Hoje faz parte do Time de Carlotas Deutschland, atuando na \u00e1rea de comunica\u00e7\u00e3o, m\u00eddias sociais e eventos. Graduada em Rela\u00e7\u00f5es P\u00fablicas e Mestre em Comunica\u00e7\u00e3o Social, acredita na pot\u00eancia do di\u00e1logo e do afeto e \u00e9 atrav\u00e9s deles que busca viver seus relacionamentos pessoais, profissionais e sua recente maternidade.\"}]}<\/script>\n<!-- \/ Yoast SEO plugin. -->","yoast_head_json":{"title":"Dia do \"Imigrante, Migrante ou Refugiado\"? - Carlotas","robots":{"index":"index","follow":"follow","max-snippet":"max-snippet:-1","max-image-preview":"max-image-preview:large","max-video-preview":"max-video-preview:-1"},"canonical":"https:\/\/carlotas.org\/bra\/dia-do-imigrante-migrante-ou-refugiado\/","og_locale":"pt_BR","og_type":"article","og_title":"Dia do \"Imigrante, Migrante ou Refugiado\"? - Carlotas","og_description":"Se voc\u00ea tem o calend\u00e1rio de Carlotas de 2024, poder\u00e1 observar que no m\u00eas de junho, as datas importantes destacadas trazem os seguintes dias: 19 de junho \u2013 Dia Nacional do Migrante 20 de junho \u2013 Dia Internacional do Refugiado 25 de junho \u2013 Dia Nacional do Imigrante Lendo isso, voc\u00ea pode se perguntar: mas [&hellip;]","og_url":"https:\/\/carlotas.org\/bra\/dia-do-imigrante-migrante-ou-refugiado\/","og_site_name":"Carlotas","article_publisher":"https:\/\/www.facebook.com\/carlotasworld","article_published_time":"2025-06-19T00:00:07+00:00","article_modified_time":"2025-06-20T17:45:31+00:00","og_image":[{"width":1250,"height":595,"url":"https:\/\/carlotas.org\/bra\/wp-content\/uploads\/2024\/06\/CAPA-migrante-imigrante-e-refugiado.png","type":"image\/png"}],"author":"Ludmila Baio","twitter_card":"summary_large_image","twitter_misc":{"Escrito por":"Ludmila Baio","Est. tempo de leitura":"2 minutos"},"schema":{"@context":"https:\/\/schema.org","@graph":[{"@type":"Article","@id":"https:\/\/carlotas.org\/bra\/dia-do-imigrante-migrante-ou-refugiado\/#article","isPartOf":{"@id":"https:\/\/carlotas.org\/bra\/dia-do-imigrante-migrante-ou-refugiado\/"},"author":{"name":"Ludmila Baio","@id":"https:\/\/carlotas.org\/bra\/#\/schema\/person\/7b65b8987f10099ba28ace81d933a8bf"},"headline":"Dia do &#8220;Imigrante, Migrante ou Refugiado&#8221;?","datePublished":"2025-06-19T00:00:07+00:00","dateModified":"2025-06-20T17:45:31+00:00","mainEntityOfPage":{"@id":"https:\/\/carlotas.org\/bra\/dia-do-imigrante-migrante-ou-refugiado\/"},"wordCount":601,"publisher":{"@id":"https:\/\/carlotas.org\/bra\/#organization"},"image":{"@id":"https:\/\/carlotas.org\/bra\/dia-do-imigrante-migrante-ou-refugiado\/#primaryimage"},"thumbnailUrl":"https:\/\/carlotas.org\/bra\/wp-content\/uploads\/2024\/06\/CAPA-migrante-imigrante-e-refugiado.png","keywords":["Carlotas Alemanha","Direitos Humanos","Opini\u00e3o","Ref\u00fagio e Migra\u00e7\u00e3o"],"articleSection":["Opini\u00f5es"],"inLanguage":"pt-BR"},{"@type":"WebPage","@id":"https:\/\/carlotas.org\/bra\/dia-do-imigrante-migrante-ou-refugiado\/","url":"https:\/\/carlotas.org\/bra\/dia-do-imigrante-migrante-ou-refugiado\/","name":"Dia do \"Imigrante, Migrante ou Refugiado\"? - Carlotas","isPartOf":{"@id":"https:\/\/carlotas.org\/bra\/#website"},"primaryImageOfPage":{"@id":"https:\/\/carlotas.org\/bra\/dia-do-imigrante-migrante-ou-refugiado\/#primaryimage"},"image":{"@id":"https:\/\/carlotas.org\/bra\/dia-do-imigrante-migrante-ou-refugiado\/#primaryimage"},"thumbnailUrl":"https:\/\/carlotas.org\/bra\/wp-content\/uploads\/2024\/06\/CAPA-migrante-imigrante-e-refugiado.png","datePublished":"2025-06-19T00:00:07+00:00","dateModified":"2025-06-20T17:45:31+00:00","breadcrumb":{"@id":"https:\/\/carlotas.org\/bra\/dia-do-imigrante-migrante-ou-refugiado\/#breadcrumb"},"inLanguage":"pt-BR","potentialAction":[{"@type":"ReadAction","target":["https:\/\/carlotas.org\/bra\/dia-do-imigrante-migrante-ou-refugiado\/"]}]},{"@type":"ImageObject","inLanguage":"pt-BR","@id":"https:\/\/carlotas.org\/bra\/dia-do-imigrante-migrante-ou-refugiado\/#primaryimage","url":"https:\/\/carlotas.org\/bra\/wp-content\/uploads\/2024\/06\/CAPA-migrante-imigrante-e-refugiado.png","contentUrl":"https:\/\/carlotas.org\/bra\/wp-content\/uploads\/2024\/06\/CAPA-migrante-imigrante-e-refugiado.png","width":1250,"height":595},{"@type":"BreadcrumbList","@id":"https:\/\/carlotas.org\/bra\/dia-do-imigrante-migrante-ou-refugiado\/#breadcrumb","itemListElement":[{"@type":"ListItem","position":1,"name":"In\u00edcio","item":"https:\/\/carlotas.org\/bra\/"},{"@type":"ListItem","position":2,"name":"Dia do &#8220;Imigrante, Migrante ou Refugiado&#8221;?"}]},{"@type":"WebSite","@id":"https:\/\/carlotas.org\/bra\/#website","url":"https:\/\/carlotas.org\/bra\/","name":"Carlotas","description":"A pot\u00eancia da empatia e A for\u00e7a da diversidade","publisher":{"@id":"https:\/\/carlotas.org\/bra\/#organization"},"potentialAction":[{"@type":"SearchAction","target":{"@type":"EntryPoint","urlTemplate":"https:\/\/carlotas.org\/bra\/?s={search_term_string}"},"query-input":{"@type":"PropertyValueSpecification","valueRequired":true,"valueName":"search_term_string"}}],"inLanguage":"pt-BR"},{"@type":"Organization","@id":"https:\/\/carlotas.org\/bra\/#organization","name":"Carlotas","url":"https:\/\/carlotas.org\/bra\/","logo":{"@type":"ImageObject","inLanguage":"pt-BR","@id":"https:\/\/carlotas.org\/bra\/#\/schema\/logo\/image\/","url":"https:\/\/carlotas.org\/bra\/wp-content\/uploads\/2022\/11\/carlotas_logo.png","contentUrl":"https:\/\/carlotas.org\/bra\/wp-content\/uploads\/2022\/11\/carlotas_logo.png","width":288,"height":47,"caption":"Carlotas"},"image":{"@id":"https:\/\/carlotas.org\/bra\/#\/schema\/logo\/image\/"},"sameAs":["https:\/\/www.facebook.com\/carlotasworld","https:\/\/www.linkedin.com\/company\/3712330\/","https:\/\/www.youtube.com\/channel\/UCkW318Qeld92l3fns2P87lA","https:\/\/open.spotify.com\/show\/2PMlthYIkYi0uSvvBAYGKP"]},{"@type":"Person","@id":"https:\/\/carlotas.org\/bra\/#\/schema\/person\/7b65b8987f10099ba28ace81d933a8bf","name":"Ludmila Baio","image":{"@type":"ImageObject","inLanguage":"pt-BR","@id":"https:\/\/carlotas.org\/bra\/wp-content\/uploads\/2023\/07\/Ludmila-96x96.png","url":"https:\/\/carlotas.org\/bra\/wp-content\/uploads\/2023\/07\/Ludmila-96x96.png","contentUrl":"https:\/\/carlotas.org\/bra\/wp-content\/uploads\/2023\/07\/Ludmila-96x96.png","caption":"Ludmila Baio"},"description":"Luso-brasileira vivendo na Alemanha, encontrou Carlotas na Internet, participou de cursos para mulheres migrantes e se encantou por este mundo de empatia, diversidade e respeito. Hoje faz parte do Time de Carlotas Deutschland, atuando na \u00e1rea de comunica\u00e7\u00e3o, m\u00eddias sociais e eventos. Graduada em Rela\u00e7\u00f5es P\u00fablicas e Mestre em Comunica\u00e7\u00e3o Social, acredita na pot\u00eancia do di\u00e1logo e do afeto e \u00e9 atrav\u00e9s deles que busca viver seus relacionamentos pessoais, profissionais e sua recente maternidade."}]}},"_links":{"self":[{"href":"https:\/\/carlotas.org\/bra\/wp-json\/wp\/v2\/posts\/5808","targetHints":{"allow":["GET"]}}],"collection":[{"href":"https:\/\/carlotas.org\/bra\/wp-json\/wp\/v2\/posts"}],"about":[{"href":"https:\/\/carlotas.org\/bra\/wp-json\/wp\/v2\/types\/post"}],"author":[{"embeddable":true,"href":"https:\/\/carlotas.org\/bra\/wp-json\/wp\/v2\/users\/49"}],"replies":[{"embeddable":true,"href":"https:\/\/carlotas.org\/bra\/wp-json\/wp\/v2\/comments?post=5808"}],"version-history":[{"count":28,"href":"https:\/\/carlotas.org\/bra\/wp-json\/wp\/v2\/posts\/5808\/revisions"}],"predecessor-version":[{"id":8471,"href":"https:\/\/carlotas.org\/bra\/wp-json\/wp\/v2\/posts\/5808\/revisions\/8471"}],"wp:featuredmedia":[{"embeddable":true,"href":"https:\/\/carlotas.org\/bra\/wp-json\/wp\/v2\/media\/5819"}],"wp:attachment":[{"href":"https:\/\/carlotas.org\/bra\/wp-json\/wp\/v2\/media?parent=5808"}],"wp:term":[{"taxonomy":"category","embeddable":true,"href":"https:\/\/carlotas.org\/bra\/wp-json\/wp\/v2\/categories?post=5808"},{"taxonomy":"post_tag","embeddable":true,"href":"https:\/\/carlotas.org\/bra\/wp-json\/wp\/v2\/tags?post=5808"}],"curies":[{"name":"wp","href":"https:\/\/api.w.org\/{rel}","templated":true}]}}