{"id":6022,"date":"2024-07-05T23:02:54","date_gmt":"2024-07-05T23:02:54","guid":{"rendered":"https:\/\/carlotas.org\/bra\/?p=6022"},"modified":"2024-07-26T14:00:48","modified_gmt":"2024-07-26T14:00:48","slug":"personagens-reais-e-historias-algumas-acoes-sobre-refugio-e-imigracao","status":"publish","type":"post","link":"https:\/\/carlotas.org\/bra\/personagens-reais-e-historias-algumas-acoes-sobre-refugio-e-imigracao\/","title":{"rendered":"Personagens Reais e Hist\u00f3rias sobre Ref\u00fagio e Imigra\u00e7\u00e3o"},"content":{"rendered":"<p><span style=\"font-weight: 400;\">Reuni neste artigo alguns dos conte\u00fados que Carlotas criou para abordar o tema de Ref\u00fagio e Imigra\u00e7\u00e3o.<\/span><\/p>\n<p><span style=\"font-weight: 400;\">Em 2021, conversamos sobre<strong><span style=\"text-decoration: underline;\"> <a href=\"https:\/\/www.youtube.com\/watch?si=rsFQzOSne8GbvMG7&amp;v=LzxFj2zQgP8&amp;feature=youtu.be\" target=\"_blank\" rel=\"noopener\">Refugiados e Imigrantes com a Camila Batista<\/a> <\/span><\/strong>em um epis\u00f3dio do Bate-Papo Carlotas.<\/span><\/p>\n<p><span style=\"font-weight: 400;\">Em 2018, fizemos uma parceria com o Projeto Conectados e criamos personagens inspirados em pessoas reais. O objetivo do projeto \u00e9 estimular a venda de produtos e a contrata\u00e7\u00e3o de servi\u00e7os oferecidos por pessoas em estado de ref\u00fagio e imigrantes.\u00a0<\/span><\/p>\n<p><span style=\"font-weight: 400;\">Conhe\u00e7a o conto dos personagens:<\/span><\/p>\n<ul>\n<li><strong><strong><span style=\"text-decoration: underline;\"><a href=\"https:\/\/carlotas.org\/bra\/renee-trouxe-suas-bonecas-lindas-com-tecidos-maravilhosos\/\" target=\"_blank\" rel=\"noopener\">Renee trouxe suas bonecas lindas com tecidos maravilhosos<\/a><\/span><\/strong><\/strong>&nbsp;<\/li>\n<li><strong><strong><a href=\"https:\/\/carlotas.org\/bra\/2813-2\/\" target=\"_blank\" rel=\"noopener\"><span style=\"text-decoration: underline;\">A Razan passou pelo escuro, mas agora vive ao redor das cores<\/span><\/a><\/strong><\/strong>&nbsp;<\/li>\n<li><span style=\"text-decoration: underline;\"><span style=\"text-decoration: underline;\"><strong><a href=\"https:\/\/carlotas.org\/bra\/maria-ileana-chegou-diretamente-de-havana-e-ja-nos-ensinou-muito-por-aqui\/\" target=\"_blank\" rel=\"noopener\">Mar\u00eda Ileana chegou diretamente de Havana e j\u00e1 nos ensinou muito por aqui!<\/a><\/strong><\/span><\/span>&nbsp;<\/li>\n<li><span style=\"text-decoration: underline;\"><span style=\"text-decoration: underline;\"><strong><a href=\"https:\/\/carlotas.org\/bra\/mohamad-chegou-aqui-ha-pouco-tempo-e-desde-entao-nao-parou-de-criar\/\" target=\"_blank\" rel=\"noopener\">Mohamad chegou aqui h\u00e1 pouco tempo e desde ent\u00e3o n\u00e3o parou de criar!<\/a><\/strong><\/span><\/span>&nbsp;<\/li>\n<li><strong><span style=\"text-decoration: underline;\"><a href=\"https:\/\/carlotas.org\/bra\/a-gene-e-inspirada-em-uma-pessoa-que-tem-um-super-poder-de-verdade\/\" target=\"_blank\" rel=\"noopener\">A Gene \u00e9 inspirada em uma pessoa que tem um super poder de verdade.<\/a><\/span><\/strong><\/li>\n<\/ul>\n<p>&nbsp;<\/p>\n<p><span style=\"font-weight: 400;\">Gostou desse artigo: Personagens Reais e Hist\u00f3rias. Algumas a\u00e7\u00f5es sobre Ref\u00fagio e Imigra\u00e7\u00e3o?<\/span><\/p>\n<p><span style=\"font-weight: 400;\">Leia tamb\u00e9m:<span style=\"text-decoration: underline;\"><strong> <a href=\"https:\/\/carlotas.org\/bra\/dia-do-imigrante-migrante-ou-refugiado\/\" target=\"_blank\" rel=\"noopener\">Dia do \u201cImigrante, Migrante ou Refugiado\u201d?<\/a><\/strong><\/span><\/span><\/p>\n","protected":false},"excerpt":{"rendered":"<p>Reuni neste artigo alguns dos conte\u00fados que Carlotas criou para abordar o tema de Ref\u00fagio e Imigra\u00e7\u00e3o. Em 2021, conversamos sobre Refugiados e Imigrantes com a Camila Batista em um epis\u00f3dio do Bate-Papo Carlotas. Em 2018, fizemos uma parceria com o Projeto Conectados e criamos personagens inspirados em pessoas reais. O objetivo do projeto \u00e9 [&hellip;]<\/p>\n","protected":false},"author":2,"featured_media":6023,"comment_status":"closed","ping_status":"closed","sticky":false,"template":"","format":"standard","meta":{"_acf_changed":false,"om_disable_all_campaigns":false,"_monsterinsights_skip_tracking":false,"_monsterinsights_sitenote_active":false,"_monsterinsights_sitenote_note":"","_monsterinsights_sitenote_category":0,"_uf_show_specific_survey":0,"_uf_disable_surveys":false,"footnotes":""},"categories":[12],"tags":[49,31,344],"class_list":["post-6022","post","type-post","status-publish","format-standard","has-post-thumbnail","hentry","category-personagens","tag-personagens","tag-referencias","tag-refugio-e-migracao"],"acf":[],"yoast_head":"<!-- This site is optimized with the Yoast SEO plugin v27.2 - https:\/\/yoast.com\/product\/yoast-seo-wordpress\/ -->\n<title>Personagens Reais e Hist\u00f3rias sobre Ref\u00fagio e Imigra\u00e7\u00e3o - Carlotas<\/title>\n<meta name=\"robots\" content=\"index, follow, max-snippet:-1, max-image-preview:large, max-video-preview:-1\" \/>\n<link rel=\"canonical\" href=\"https:\/\/carlotas.org\/bra\/personagens-reais-e-historias-algumas-acoes-sobre-refugio-e-imigracao\/\" \/>\n<meta property=\"og:locale\" content=\"pt_BR\" \/>\n<meta property=\"og:type\" content=\"article\" \/>\n<meta property=\"og:title\" content=\"Personagens Reais e Hist\u00f3rias sobre Ref\u00fagio e Imigra\u00e7\u00e3o - Carlotas\" \/>\n<meta property=\"og:description\" content=\"Reuni neste artigo alguns dos conte\u00fados que Carlotas criou para abordar o tema de Ref\u00fagio e Imigra\u00e7\u00e3o. Em 2021, conversamos sobre Refugiados e Imigrantes com a Camila Batista em um epis\u00f3dio do Bate-Papo Carlotas. Em 2018, fizemos uma parceria com o Projeto Conectados e criamos personagens inspirados em pessoas reais. O objetivo do projeto \u00e9 [&hellip;]\" \/>\n<meta property=\"og:url\" content=\"https:\/\/carlotas.org\/bra\/personagens-reais-e-historias-algumas-acoes-sobre-refugio-e-imigracao\/\" \/>\n<meta property=\"og:site_name\" content=\"Carlotas\" \/>\n<meta property=\"article:publisher\" content=\"https:\/\/www.facebook.com\/carlotasworld\" \/>\n<meta property=\"article:published_time\" content=\"2024-07-05T23:02:54+00:00\" \/>\n<meta property=\"article:modified_time\" content=\"2024-07-26T14:00:48+00:00\" \/>\n<meta property=\"og:image\" content=\"https:\/\/carlotas.org\/bra\/wp-content\/uploads\/2024\/07\/CAPA-Personagens-Reais-1.jpg\" \/>\n\t<meta property=\"og:image:width\" content=\"1250\" \/>\n\t<meta property=\"og:image:height\" content=\"595\" \/>\n\t<meta property=\"og:image:type\" content=\"image\/jpeg\" \/>\n<meta name=\"author\" content=\"Carla Douglass\" \/>\n<meta name=\"twitter:card\" content=\"summary_large_image\" \/>\n<meta name=\"twitter:label1\" content=\"Escrito por\" \/>\n\t<meta name=\"twitter:data1\" content=\"Carla Douglass\" \/>\n\t<meta name=\"twitter:label2\" content=\"Est. tempo de leitura\" \/>\n\t<meta name=\"twitter:data2\" content=\"2 minutos\" \/>\n<script type=\"application\/ld+json\" class=\"yoast-schema-graph\">{\"@context\":\"https:\/\/schema.org\",\"@graph\":[{\"@type\":\"Article\",\"@id\":\"https:\/\/carlotas.org\/bra\/personagens-reais-e-historias-algumas-acoes-sobre-refugio-e-imigracao\/#article\",\"isPartOf\":{\"@id\":\"https:\/\/carlotas.org\/bra\/personagens-reais-e-historias-algumas-acoes-sobre-refugio-e-imigracao\/\"},\"author\":{\"name\":\"Carla Douglass\",\"@id\":\"https:\/\/carlotas.org\/bra\/#\/schema\/person\/4c7c79b6399b9a2fdacdfb2824a3685f\"},\"headline\":\"Personagens Reais e Hist\u00f3rias sobre Ref\u00fagio e Imigra\u00e7\u00e3o\",\"datePublished\":\"2024-07-05T23:02:54+00:00\",\"dateModified\":\"2024-07-26T14:00:48+00:00\",\"mainEntityOfPage\":{\"@id\":\"https:\/\/carlotas.org\/bra\/personagens-reais-e-historias-algumas-acoes-sobre-refugio-e-imigracao\/\"},\"wordCount\":188,\"publisher\":{\"@id\":\"https:\/\/carlotas.org\/bra\/#organization\"},\"image\":{\"@id\":\"https:\/\/carlotas.org\/bra\/personagens-reais-e-historias-algumas-acoes-sobre-refugio-e-imigracao\/#primaryimage\"},\"thumbnailUrl\":\"https:\/\/carlotas.org\/bra\/wp-content\/uploads\/2024\/07\/CAPA-Personagens-Reais-1.jpg\",\"keywords\":[\"Personagens\",\"Refer\u00eancias\",\"Ref\u00fagio e Migra\u00e7\u00e3o\"],\"articleSection\":[\"Personagens\"],\"inLanguage\":\"pt-BR\"},{\"@type\":\"WebPage\",\"@id\":\"https:\/\/carlotas.org\/bra\/personagens-reais-e-historias-algumas-acoes-sobre-refugio-e-imigracao\/\",\"url\":\"https:\/\/carlotas.org\/bra\/personagens-reais-e-historias-algumas-acoes-sobre-refugio-e-imigracao\/\",\"name\":\"Personagens Reais e Hist\u00f3rias sobre Ref\u00fagio e Imigra\u00e7\u00e3o - Carlotas\",\"isPartOf\":{\"@id\":\"https:\/\/carlotas.org\/bra\/#website\"},\"primaryImageOfPage\":{\"@id\":\"https:\/\/carlotas.org\/bra\/personagens-reais-e-historias-algumas-acoes-sobre-refugio-e-imigracao\/#primaryimage\"},\"image\":{\"@id\":\"https:\/\/carlotas.org\/bra\/personagens-reais-e-historias-algumas-acoes-sobre-refugio-e-imigracao\/#primaryimage\"},\"thumbnailUrl\":\"https:\/\/carlotas.org\/bra\/wp-content\/uploads\/2024\/07\/CAPA-Personagens-Reais-1.jpg\",\"datePublished\":\"2024-07-05T23:02:54+00:00\",\"dateModified\":\"2024-07-26T14:00:48+00:00\",\"breadcrumb\":{\"@id\":\"https:\/\/carlotas.org\/bra\/personagens-reais-e-historias-algumas-acoes-sobre-refugio-e-imigracao\/#breadcrumb\"},\"inLanguage\":\"pt-BR\",\"potentialAction\":[{\"@type\":\"ReadAction\",\"target\":[\"https:\/\/carlotas.org\/bra\/personagens-reais-e-historias-algumas-acoes-sobre-refugio-e-imigracao\/\"]}]},{\"@type\":\"ImageObject\",\"inLanguage\":\"pt-BR\",\"@id\":\"https:\/\/carlotas.org\/bra\/personagens-reais-e-historias-algumas-acoes-sobre-refugio-e-imigracao\/#primaryimage\",\"url\":\"https:\/\/carlotas.org\/bra\/wp-content\/uploads\/2024\/07\/CAPA-Personagens-Reais-1.jpg\",\"contentUrl\":\"https:\/\/carlotas.org\/bra\/wp-content\/uploads\/2024\/07\/CAPA-Personagens-Reais-1.jpg\",\"width\":1250,\"height\":595,\"caption\":\"A imagem est\u00e1 dividida em duas partes, cada uma mostrando uma pessoa real ao lado de uma vers\u00e3o ilustrada dela. Na parte esquerda, h\u00e1 uma mulher negra com \u00f3culos e um sorriso, usando uma faixa azul no cabelo e uma blusa com padr\u00e3o colorido de azul e laranja. Ao lado dela, h\u00e1 uma ilustra\u00e7\u00e3o estilizada que representa ela mesma, com pele marrom, cabelo curto e escuro, \u00f3culos, e vestindo uma roupa com cores semelhantes, azul e laranja. Na parte direita, h\u00e1 uma mulher com um hijab branco, sorrindo levemente. Ela est\u00e1 vestindo uma blusa escura. Ao lado dela, h\u00e1 uma ilustra\u00e7\u00e3o estilizada representando ela mesma, com um hijab roxo com bolinhas rosa, pele clara, e vestindo uma blusa listrada de rosa e preto. O fundo da imagem do lado esquerdo \u00e9 claro, com um padr\u00e3o de tijolos brancos, e do lado direito, \u00e9 mais escuro, com uma ventoinha vis\u00edvel ao fundo.\"},{\"@type\":\"BreadcrumbList\",\"@id\":\"https:\/\/carlotas.org\/bra\/personagens-reais-e-historias-algumas-acoes-sobre-refugio-e-imigracao\/#breadcrumb\",\"itemListElement\":[{\"@type\":\"ListItem\",\"position\":1,\"name\":\"In\u00edcio\",\"item\":\"https:\/\/carlotas.org\/bra\/\"},{\"@type\":\"ListItem\",\"position\":2,\"name\":\"Personagens Reais e Hist\u00f3rias sobre Ref\u00fagio e Imigra\u00e7\u00e3o\"}]},{\"@type\":\"WebSite\",\"@id\":\"https:\/\/carlotas.org\/bra\/#website\",\"url\":\"https:\/\/carlotas.org\/bra\/\",\"name\":\"Carlotas\",\"description\":\"A pot\u00eancia da empatia e A for\u00e7a da diversidade\",\"publisher\":{\"@id\":\"https:\/\/carlotas.org\/bra\/#organization\"},\"potentialAction\":[{\"@type\":\"SearchAction\",\"target\":{\"@type\":\"EntryPoint\",\"urlTemplate\":\"https:\/\/carlotas.org\/bra\/?s={search_term_string}\"},\"query-input\":{\"@type\":\"PropertyValueSpecification\",\"valueRequired\":true,\"valueName\":\"search_term_string\"}}],\"inLanguage\":\"pt-BR\"},{\"@type\":\"Organization\",\"@id\":\"https:\/\/carlotas.org\/bra\/#organization\",\"name\":\"Carlotas\",\"url\":\"https:\/\/carlotas.org\/bra\/\",\"logo\":{\"@type\":\"ImageObject\",\"inLanguage\":\"pt-BR\",\"@id\":\"https:\/\/carlotas.org\/bra\/#\/schema\/logo\/image\/\",\"url\":\"https:\/\/carlotas.org\/bra\/wp-content\/uploads\/2022\/11\/carlotas_logo.png\",\"contentUrl\":\"https:\/\/carlotas.org\/bra\/wp-content\/uploads\/2022\/11\/carlotas_logo.png\",\"width\":288,\"height\":47,\"caption\":\"Carlotas\"},\"image\":{\"@id\":\"https:\/\/carlotas.org\/bra\/#\/schema\/logo\/image\/\"},\"sameAs\":[\"https:\/\/www.facebook.com\/carlotasworld\",\"https:\/\/www.linkedin.com\/company\/3712330\/\",\"https:\/\/www.youtube.com\/channel\/UCkW318Qeld92l3fns2P87lA\",\"https:\/\/open.spotify.com\/show\/2PMlthYIkYi0uSvvBAYGKP\"]},{\"@type\":\"Person\",\"@id\":\"https:\/\/carlotas.org\/bra\/#\/schema\/person\/4c7c79b6399b9a2fdacdfb2824a3685f\",\"name\":\"Carla Douglass\",\"image\":{\"@type\":\"ImageObject\",\"inLanguage\":\"pt-BR\",\"@id\":\"https:\/\/carlotas.org\/bra\/wp-content\/uploads\/2022\/11\/CarlaDouglass-96x96.png\",\"url\":\"https:\/\/carlotas.org\/bra\/wp-content\/uploads\/2022\/11\/CarlaDouglass-96x96.png\",\"contentUrl\":\"https:\/\/carlotas.org\/bra\/wp-content\/uploads\/2022\/11\/CarlaDouglass-96x96.png\",\"caption\":\"Carla Douglass\"},\"description\":\"Eu nasci em S\u00e3o Paulo, me mudei para Nova Iorque, mas sempre morei em Carlotas.\"}]}<\/script>\n<!-- \/ Yoast SEO plugin. -->","yoast_head_json":{"title":"Personagens Reais e Hist\u00f3rias sobre Ref\u00fagio e Imigra\u00e7\u00e3o - Carlotas","robots":{"index":"index","follow":"follow","max-snippet":"max-snippet:-1","max-image-preview":"max-image-preview:large","max-video-preview":"max-video-preview:-1"},"canonical":"https:\/\/carlotas.org\/bra\/personagens-reais-e-historias-algumas-acoes-sobre-refugio-e-imigracao\/","og_locale":"pt_BR","og_type":"article","og_title":"Personagens Reais e Hist\u00f3rias sobre Ref\u00fagio e Imigra\u00e7\u00e3o - Carlotas","og_description":"Reuni neste artigo alguns dos conte\u00fados que Carlotas criou para abordar o tema de Ref\u00fagio e Imigra\u00e7\u00e3o. Em 2021, conversamos sobre Refugiados e Imigrantes com a Camila Batista em um epis\u00f3dio do Bate-Papo Carlotas. Em 2018, fizemos uma parceria com o Projeto Conectados e criamos personagens inspirados em pessoas reais. O objetivo do projeto \u00e9 [&hellip;]","og_url":"https:\/\/carlotas.org\/bra\/personagens-reais-e-historias-algumas-acoes-sobre-refugio-e-imigracao\/","og_site_name":"Carlotas","article_publisher":"https:\/\/www.facebook.com\/carlotasworld","article_published_time":"2024-07-05T23:02:54+00:00","article_modified_time":"2024-07-26T14:00:48+00:00","og_image":[{"width":1250,"height":595,"url":"https:\/\/carlotas.org\/bra\/wp-content\/uploads\/2024\/07\/CAPA-Personagens-Reais-1.jpg","type":"image\/jpeg"}],"author":"Carla Douglass","twitter_card":"summary_large_image","twitter_misc":{"Escrito por":"Carla Douglass","Est. tempo de leitura":"2 minutos"},"schema":{"@context":"https:\/\/schema.org","@graph":[{"@type":"Article","@id":"https:\/\/carlotas.org\/bra\/personagens-reais-e-historias-algumas-acoes-sobre-refugio-e-imigracao\/#article","isPartOf":{"@id":"https:\/\/carlotas.org\/bra\/personagens-reais-e-historias-algumas-acoes-sobre-refugio-e-imigracao\/"},"author":{"name":"Carla Douglass","@id":"https:\/\/carlotas.org\/bra\/#\/schema\/person\/4c7c79b6399b9a2fdacdfb2824a3685f"},"headline":"Personagens Reais e Hist\u00f3rias sobre Ref\u00fagio e Imigra\u00e7\u00e3o","datePublished":"2024-07-05T23:02:54+00:00","dateModified":"2024-07-26T14:00:48+00:00","mainEntityOfPage":{"@id":"https:\/\/carlotas.org\/bra\/personagens-reais-e-historias-algumas-acoes-sobre-refugio-e-imigracao\/"},"wordCount":188,"publisher":{"@id":"https:\/\/carlotas.org\/bra\/#organization"},"image":{"@id":"https:\/\/carlotas.org\/bra\/personagens-reais-e-historias-algumas-acoes-sobre-refugio-e-imigracao\/#primaryimage"},"thumbnailUrl":"https:\/\/carlotas.org\/bra\/wp-content\/uploads\/2024\/07\/CAPA-Personagens-Reais-1.jpg","keywords":["Personagens","Refer\u00eancias","Ref\u00fagio e Migra\u00e7\u00e3o"],"articleSection":["Personagens"],"inLanguage":"pt-BR"},{"@type":"WebPage","@id":"https:\/\/carlotas.org\/bra\/personagens-reais-e-historias-algumas-acoes-sobre-refugio-e-imigracao\/","url":"https:\/\/carlotas.org\/bra\/personagens-reais-e-historias-algumas-acoes-sobre-refugio-e-imigracao\/","name":"Personagens Reais e Hist\u00f3rias sobre Ref\u00fagio e Imigra\u00e7\u00e3o - Carlotas","isPartOf":{"@id":"https:\/\/carlotas.org\/bra\/#website"},"primaryImageOfPage":{"@id":"https:\/\/carlotas.org\/bra\/personagens-reais-e-historias-algumas-acoes-sobre-refugio-e-imigracao\/#primaryimage"},"image":{"@id":"https:\/\/carlotas.org\/bra\/personagens-reais-e-historias-algumas-acoes-sobre-refugio-e-imigracao\/#primaryimage"},"thumbnailUrl":"https:\/\/carlotas.org\/bra\/wp-content\/uploads\/2024\/07\/CAPA-Personagens-Reais-1.jpg","datePublished":"2024-07-05T23:02:54+00:00","dateModified":"2024-07-26T14:00:48+00:00","breadcrumb":{"@id":"https:\/\/carlotas.org\/bra\/personagens-reais-e-historias-algumas-acoes-sobre-refugio-e-imigracao\/#breadcrumb"},"inLanguage":"pt-BR","potentialAction":[{"@type":"ReadAction","target":["https:\/\/carlotas.org\/bra\/personagens-reais-e-historias-algumas-acoes-sobre-refugio-e-imigracao\/"]}]},{"@type":"ImageObject","inLanguage":"pt-BR","@id":"https:\/\/carlotas.org\/bra\/personagens-reais-e-historias-algumas-acoes-sobre-refugio-e-imigracao\/#primaryimage","url":"https:\/\/carlotas.org\/bra\/wp-content\/uploads\/2024\/07\/CAPA-Personagens-Reais-1.jpg","contentUrl":"https:\/\/carlotas.org\/bra\/wp-content\/uploads\/2024\/07\/CAPA-Personagens-Reais-1.jpg","width":1250,"height":595,"caption":"A imagem est\u00e1 dividida em duas partes, cada uma mostrando uma pessoa real ao lado de uma vers\u00e3o ilustrada dela. Na parte esquerda, h\u00e1 uma mulher negra com \u00f3culos e um sorriso, usando uma faixa azul no cabelo e uma blusa com padr\u00e3o colorido de azul e laranja. Ao lado dela, h\u00e1 uma ilustra\u00e7\u00e3o estilizada que representa ela mesma, com pele marrom, cabelo curto e escuro, \u00f3culos, e vestindo uma roupa com cores semelhantes, azul e laranja. Na parte direita, h\u00e1 uma mulher com um hijab branco, sorrindo levemente. Ela est\u00e1 vestindo uma blusa escura. Ao lado dela, h\u00e1 uma ilustra\u00e7\u00e3o estilizada representando ela mesma, com um hijab roxo com bolinhas rosa, pele clara, e vestindo uma blusa listrada de rosa e preto. O fundo da imagem do lado esquerdo \u00e9 claro, com um padr\u00e3o de tijolos brancos, e do lado direito, \u00e9 mais escuro, com uma ventoinha vis\u00edvel ao fundo."},{"@type":"BreadcrumbList","@id":"https:\/\/carlotas.org\/bra\/personagens-reais-e-historias-algumas-acoes-sobre-refugio-e-imigracao\/#breadcrumb","itemListElement":[{"@type":"ListItem","position":1,"name":"In\u00edcio","item":"https:\/\/carlotas.org\/bra\/"},{"@type":"ListItem","position":2,"name":"Personagens Reais e Hist\u00f3rias sobre Ref\u00fagio e Imigra\u00e7\u00e3o"}]},{"@type":"WebSite","@id":"https:\/\/carlotas.org\/bra\/#website","url":"https:\/\/carlotas.org\/bra\/","name":"Carlotas","description":"A pot\u00eancia da empatia e A for\u00e7a da diversidade","publisher":{"@id":"https:\/\/carlotas.org\/bra\/#organization"},"potentialAction":[{"@type":"SearchAction","target":{"@type":"EntryPoint","urlTemplate":"https:\/\/carlotas.org\/bra\/?s={search_term_string}"},"query-input":{"@type":"PropertyValueSpecification","valueRequired":true,"valueName":"search_term_string"}}],"inLanguage":"pt-BR"},{"@type":"Organization","@id":"https:\/\/carlotas.org\/bra\/#organization","name":"Carlotas","url":"https:\/\/carlotas.org\/bra\/","logo":{"@type":"ImageObject","inLanguage":"pt-BR","@id":"https:\/\/carlotas.org\/bra\/#\/schema\/logo\/image\/","url":"https:\/\/carlotas.org\/bra\/wp-content\/uploads\/2022\/11\/carlotas_logo.png","contentUrl":"https:\/\/carlotas.org\/bra\/wp-content\/uploads\/2022\/11\/carlotas_logo.png","width":288,"height":47,"caption":"Carlotas"},"image":{"@id":"https:\/\/carlotas.org\/bra\/#\/schema\/logo\/image\/"},"sameAs":["https:\/\/www.facebook.com\/carlotasworld","https:\/\/www.linkedin.com\/company\/3712330\/","https:\/\/www.youtube.com\/channel\/UCkW318Qeld92l3fns2P87lA","https:\/\/open.spotify.com\/show\/2PMlthYIkYi0uSvvBAYGKP"]},{"@type":"Person","@id":"https:\/\/carlotas.org\/bra\/#\/schema\/person\/4c7c79b6399b9a2fdacdfb2824a3685f","name":"Carla Douglass","image":{"@type":"ImageObject","inLanguage":"pt-BR","@id":"https:\/\/carlotas.org\/bra\/wp-content\/uploads\/2022\/11\/CarlaDouglass-96x96.png","url":"https:\/\/carlotas.org\/bra\/wp-content\/uploads\/2022\/11\/CarlaDouglass-96x96.png","contentUrl":"https:\/\/carlotas.org\/bra\/wp-content\/uploads\/2022\/11\/CarlaDouglass-96x96.png","caption":"Carla Douglass"},"description":"Eu nasci em S\u00e3o Paulo, me mudei para Nova Iorque, mas sempre morei em Carlotas."}]}},"_links":{"self":[{"href":"https:\/\/carlotas.org\/bra\/wp-json\/wp\/v2\/posts\/6022","targetHints":{"allow":["GET"]}}],"collection":[{"href":"https:\/\/carlotas.org\/bra\/wp-json\/wp\/v2\/posts"}],"about":[{"href":"https:\/\/carlotas.org\/bra\/wp-json\/wp\/v2\/types\/post"}],"author":[{"embeddable":true,"href":"https:\/\/carlotas.org\/bra\/wp-json\/wp\/v2\/users\/2"}],"replies":[{"embeddable":true,"href":"https:\/\/carlotas.org\/bra\/wp-json\/wp\/v2\/comments?post=6022"}],"version-history":[{"count":8,"href":"https:\/\/carlotas.org\/bra\/wp-json\/wp\/v2\/posts\/6022\/revisions"}],"predecessor-version":[{"id":6063,"href":"https:\/\/carlotas.org\/bra\/wp-json\/wp\/v2\/posts\/6022\/revisions\/6063"}],"wp:featuredmedia":[{"embeddable":true,"href":"https:\/\/carlotas.org\/bra\/wp-json\/wp\/v2\/media\/6023"}],"wp:attachment":[{"href":"https:\/\/carlotas.org\/bra\/wp-json\/wp\/v2\/media?parent=6022"}],"wp:term":[{"taxonomy":"category","embeddable":true,"href":"https:\/\/carlotas.org\/bra\/wp-json\/wp\/v2\/categories?post=6022"},{"taxonomy":"post_tag","embeddable":true,"href":"https:\/\/carlotas.org\/bra\/wp-json\/wp\/v2\/tags?post=6022"}],"curies":[{"name":"wp","href":"https:\/\/api.w.org\/{rel}","templated":true}]}}