{"id":9170,"date":"2026-04-06T00:00:09","date_gmt":"2026-04-06T00:00:09","guid":{"rendered":"https:\/\/carlotas.org\/bra\/?p=9170"},"modified":"2026-04-07T19:52:39","modified_gmt":"2026-04-07T19:52:39","slug":"guia-das-assembleias-um-caminho-de-encontro-para-a-convivencia-escolar","status":"publish","type":"post","link":"https:\/\/carlotas.org\/bra\/guia-das-assembleias-um-caminho-de-encontro-para-a-convivencia-escolar\/","title":{"rendered":"Guia das Assembleias: Um Caminho de Encontro para a Conviv\u00eancia Escolar"},"content":{"rendered":"<p><span style=\"font-weight: 400;\">Este ano, o Programa Explore Carlotas passou a atuar de uma nova forma junto \u00e0s escolas parceiras. Reconhecendo a import\u00e2ncia de fortalecer as Comiss\u00f5es de Media\u00e7\u00e3o de Conflitos (CMC), elaboramos materiais de apoio que contribuem para o trabalho realizado nas escolas. O primeiro deles foi o <\/span><i><span style=\"font-weight: 400;\">Guia C\u00edrculos de Di\u00e1logo<\/span><\/i><span style=\"font-weight: 400;\">, que se consolidou como uma pr\u00e1tica pedag\u00f3gica e relacional significativa no ambiente escolar.<\/span><\/p>\n<h4><span style=\"font-weight: 400;\">Recentemente, lan\u00e7amos tamb\u00e9m o <\/span><a href=\"https:\/\/www.educa.carlotas.com.br\/app\/cultura-de-paz\/guia-das-assembleias\/\" target=\"_blank\" rel=\"noopener\"><span style=\"text-decoration: underline;\"><span style=\"font-weight: 400;\">Guia das Assembleias Escolares<\/span><\/span><\/a><span style=\"font-weight: 400;\">.\u00a0<\/span><\/h4>\n<p><img fetchpriority=\"high\" decoding=\"async\" class=\"size-full wp-image-9171 alignnone\" src=\"https:\/\/carlotas.org\/bra\/wp-content\/uploads\/2025\/11\/Guia-das-Assembleias-INTERNA.png\" alt=\"Guia das Assembleias INTERNA\" width=\"1250\" height=\"595\" srcset=\"https:\/\/carlotas.org\/bra\/wp-content\/uploads\/2025\/11\/Guia-das-Assembleias-INTERNA.png 1250w, https:\/\/carlotas.org\/bra\/wp-content\/uploads\/2025\/11\/Guia-das-Assembleias-INTERNA-300x143.png 300w, https:\/\/carlotas.org\/bra\/wp-content\/uploads\/2025\/11\/Guia-das-Assembleias-INTERNA-1024x487.png 1024w, https:\/\/carlotas.org\/bra\/wp-content\/uploads\/2025\/11\/Guia-das-Assembleias-INTERNA-768x366.png 768w\" sizes=\"(max-width: 1250px) 100vw, 1250px\" \/><\/p>\n<h4><span style=\"font-weight: 400;\">Voc\u00ea conhece essa proposta?<\/span><\/h4>\n<p><span style=\"font-weight: 400;\">A Assembleia Escolar \u00e9 uma pr\u00e1tica pedag\u00f3gica que promove a gest\u00e3o democr\u00e1tica dentro da escola, oferecendo um espa\u00e7o para que os(as) estudantes expressem suas ideias, opini\u00f5es e participem ativamente das decis\u00f5es que fazem parte do cotidiano escolar. Essa viv\u00eancia estimula valores fundamentais como o di\u00e1logo, a escuta ativa e a participa\u00e7\u00e3o coletiva.<\/span><\/p>\n<p><span style=\"font-weight: 400;\">O material apresenta fundamentos te\u00f3ricos, sugest\u00f5es pr\u00e1ticas, exemplos ilustrativos e reflex\u00f5es sobre o potencial transformador dessa pr\u00e1tica na vida escolar. Mais do que um espa\u00e7o de fala, a assembleia \u00e9 um processo de constru\u00e7\u00e3o coletiva que envolve estudantes, educadores(as), gestores(as) e fam\u00edlias na busca conjunta por di\u00e1logo, conviv\u00eancia e solu\u00e7\u00f5es compartilhadas para os desafios do dia a dia.<\/span><\/p>\n<h3><span style=\"font-weight: 400;\">Quer saber mais,<a href=\"https:\/\/www.educa.carlotas.com.br\/app\/cultura-de-paz\/guia-das-assembleias\/\" target=\"_blank\" rel=\"noopener\"> <span style=\"text-decoration: underline;\">cadastre-se e acesse o Guia aqui<\/span><\/a>!<\/span><\/h3>\n<p>&nbsp;<\/p>\n<hr style=\"border: none; border-top: 2px dotted #999; margin: 40px 0;\" \/>\n<p><span style=\"font-weight: 400;\">Gostou do texto: &#8220;<strong>Guia das Assembleias: Um Caminho de Encontro para a Conviv\u00eancia Escolar<\/strong>\u201d?<\/span><\/p>\n<p><span style=\"font-weight: 400;\">Leia tamb\u00e9m:<\/span><\/p>\n<blockquote class=\"wp-embedded-content\" data-secret=\"TDoiLFPuuY\"><p><a href=\"https:\/\/carlotas.org\/bra\/guia-sobre-circulo-de-dialogo-no-contexto-escolar\/\">Guia sobre C\u00edrculo de Di\u00e1logo no Contexto Escolar<\/a><\/p><\/blockquote>\n<p><iframe class=\"wp-embedded-content\" sandbox=\"allow-scripts\" security=\"restricted\" style=\"position: absolute; visibility: hidden;\" title=\"&#8220;Guia sobre C\u00edrculo de Di\u00e1logo no Contexto Escolar&#8221; &#8212; Carlotas\" src=\"https:\/\/carlotas.org\/bra\/guia-sobre-circulo-de-dialogo-no-contexto-escolar\/embed\/#?secret=Ous4V6mypm#?secret=TDoiLFPuuY\" data-secret=\"TDoiLFPuuY\" width=\"600\" height=\"338\" frameborder=\"0\" marginwidth=\"0\" marginheight=\"0\" scrolling=\"no\"><\/iframe><\/p>\n","protected":false},"excerpt":{"rendered":"<p>Este ano, o Programa Explore Carlotas passou a atuar de uma nova forma junto \u00e0s escolas parceiras. Reconhecendo a import\u00e2ncia de fortalecer as Comiss\u00f5es de Media\u00e7\u00e3o de Conflitos (CMC), elaboramos materiais de apoio que contribuem para o trabalho realizado nas escolas. O primeiro deles foi o Guia C\u00edrculos de Di\u00e1logo, que se consolidou como uma [&hellip;]<\/p>\n","protected":false},"author":7,"featured_media":9173,"comment_status":"closed","ping_status":"closed","sticky":false,"template":"","format":"standard","meta":{"_acf_changed":false,"om_disable_all_campaigns":false,"_monsterinsights_skip_tracking":false,"_monsterinsights_sitenote_active":false,"_monsterinsights_sitenote_note":"","_monsterinsights_sitenote_category":0,"_uf_show_specific_survey":0,"_uf_disable_surveys":false,"footnotes":""},"categories":[10],"tags":[27,507,462,31],"class_list":["post-9170","post","type-post","status-publish","format-standard","has-post-thumbnail","hentry","category-referencias","tag-educacao","tag-fernanda-gutierrez","tag-guias-e-materiais","tag-referencias"],"acf":[],"yoast_head":"<!-- This site is optimized with the Yoast SEO plugin v27.2 - https:\/\/yoast.com\/product\/yoast-seo-wordpress\/ -->\n<title>Guia das Assembleias: Um Caminho de Encontro para a Conviv\u00eancia Escolar - Carlotas<\/title>\n<meta name=\"description\" content=\"O novo Guia das Assembleias do Programa Explore Carlotas apresenta uma proposta pr\u00e1tica e transformadora para promover a escuta, a participa\u00e7\u00e3o e o di\u00e1logo no cotidiano escolar. Baixe agora!\" \/>\n<meta name=\"robots\" content=\"index, follow, max-snippet:-1, max-image-preview:large, max-video-preview:-1\" \/>\n<link rel=\"canonical\" href=\"https:\/\/carlotas.org\/bra\/guia-das-assembleias-um-caminho-de-encontro-para-a-convivencia-escolar\/\" \/>\n<meta property=\"og:locale\" content=\"pt_BR\" \/>\n<meta property=\"og:type\" content=\"article\" \/>\n<meta property=\"og:title\" content=\"Guia das Assembleias: Um Caminho de Encontro para a Conviv\u00eancia Escolar - Carlotas\" \/>\n<meta property=\"og:description\" content=\"O novo Guia das Assembleias do Programa Explore Carlotas apresenta uma proposta pr\u00e1tica e transformadora para promover a escuta, a participa\u00e7\u00e3o e o di\u00e1logo no cotidiano escolar. Baixe agora!\" \/>\n<meta property=\"og:url\" content=\"https:\/\/carlotas.org\/bra\/guia-das-assembleias-um-caminho-de-encontro-para-a-convivencia-escolar\/\" \/>\n<meta property=\"og:site_name\" content=\"Carlotas\" \/>\n<meta property=\"article:publisher\" content=\"https:\/\/www.facebook.com\/carlotasworld\" \/>\n<meta property=\"article:published_time\" content=\"2026-04-06T00:00:09+00:00\" \/>\n<meta property=\"article:modified_time\" content=\"2026-04-07T19:52:39+00:00\" \/>\n<meta property=\"og:image\" content=\"https:\/\/carlotas.org\/bra\/wp-content\/uploads\/2025\/11\/Guia-das-Assembleias.png\" \/>\n\t<meta property=\"og:image:width\" content=\"1250\" \/>\n\t<meta property=\"og:image:height\" content=\"595\" \/>\n\t<meta property=\"og:image:type\" content=\"image\/png\" \/>\n<meta name=\"author\" content=\"Fernanda Martins Gutierrez\" \/>\n<meta name=\"twitter:card\" content=\"summary_large_image\" \/>\n<meta name=\"twitter:label1\" content=\"Escrito por\" \/>\n\t<meta name=\"twitter:data1\" content=\"Fernanda Martins Gutierrez\" \/>\n\t<meta name=\"twitter:label2\" content=\"Est. tempo de leitura\" \/>\n\t<meta name=\"twitter:data2\" content=\"2 minutos\" \/>\n<script type=\"application\/ld+json\" class=\"yoast-schema-graph\">{\"@context\":\"https:\/\/schema.org\",\"@graph\":[{\"@type\":\"Article\",\"@id\":\"https:\/\/carlotas.org\/bra\/guia-das-assembleias-um-caminho-de-encontro-para-a-convivencia-escolar\/#article\",\"isPartOf\":{\"@id\":\"https:\/\/carlotas.org\/bra\/guia-das-assembleias-um-caminho-de-encontro-para-a-convivencia-escolar\/\"},\"author\":{\"name\":\"Fernanda Martins Gutierrez\",\"@id\":\"https:\/\/carlotas.org\/bra\/#\/schema\/person\/43f8e8ba5b2b5fc11160449e05709465\"},\"headline\":\"Guia das Assembleias: Um Caminho de Encontro para a Conviv\u00eancia Escolar\",\"datePublished\":\"2026-04-06T00:00:09+00:00\",\"dateModified\":\"2026-04-07T19:52:39+00:00\",\"mainEntityOfPage\":{\"@id\":\"https:\/\/carlotas.org\/bra\/guia-das-assembleias-um-caminho-de-encontro-para-a-convivencia-escolar\/\"},\"wordCount\":261,\"publisher\":{\"@id\":\"https:\/\/carlotas.org\/bra\/#organization\"},\"image\":{\"@id\":\"https:\/\/carlotas.org\/bra\/guia-das-assembleias-um-caminho-de-encontro-para-a-convivencia-escolar\/#primaryimage\"},\"thumbnailUrl\":\"https:\/\/carlotas.org\/bra\/wp-content\/uploads\/2025\/11\/Guia-das-Assembleias.png\",\"keywords\":[\"Educa\u00e7\u00e3o\",\"Fernanda Gutierrez\",\"Guias e Materiais\",\"Refer\u00eancias\"],\"articleSection\":[\"Refer\u00eancias\"],\"inLanguage\":\"pt-BR\"},{\"@type\":\"WebPage\",\"@id\":\"https:\/\/carlotas.org\/bra\/guia-das-assembleias-um-caminho-de-encontro-para-a-convivencia-escolar\/\",\"url\":\"https:\/\/carlotas.org\/bra\/guia-das-assembleias-um-caminho-de-encontro-para-a-convivencia-escolar\/\",\"name\":\"Guia das Assembleias: Um Caminho de Encontro para a Conviv\u00eancia Escolar - Carlotas\",\"isPartOf\":{\"@id\":\"https:\/\/carlotas.org\/bra\/#website\"},\"primaryImageOfPage\":{\"@id\":\"https:\/\/carlotas.org\/bra\/guia-das-assembleias-um-caminho-de-encontro-para-a-convivencia-escolar\/#primaryimage\"},\"image\":{\"@id\":\"https:\/\/carlotas.org\/bra\/guia-das-assembleias-um-caminho-de-encontro-para-a-convivencia-escolar\/#primaryimage\"},\"thumbnailUrl\":\"https:\/\/carlotas.org\/bra\/wp-content\/uploads\/2025\/11\/Guia-das-Assembleias.png\",\"datePublished\":\"2026-04-06T00:00:09+00:00\",\"dateModified\":\"2026-04-07T19:52:39+00:00\",\"description\":\"O novo Guia das Assembleias do Programa Explore Carlotas apresenta uma proposta pr\u00e1tica e transformadora para promover a escuta, a participa\u00e7\u00e3o e o di\u00e1logo no cotidiano escolar. Baixe agora!\",\"breadcrumb\":{\"@id\":\"https:\/\/carlotas.org\/bra\/guia-das-assembleias-um-caminho-de-encontro-para-a-convivencia-escolar\/#breadcrumb\"},\"inLanguage\":\"pt-BR\",\"potentialAction\":[{\"@type\":\"ReadAction\",\"target\":[\"https:\/\/carlotas.org\/bra\/guia-das-assembleias-um-caminho-de-encontro-para-a-convivencia-escolar\/\"]}]},{\"@type\":\"ImageObject\",\"inLanguage\":\"pt-BR\",\"@id\":\"https:\/\/carlotas.org\/bra\/guia-das-assembleias-um-caminho-de-encontro-para-a-convivencia-escolar\/#primaryimage\",\"url\":\"https:\/\/carlotas.org\/bra\/wp-content\/uploads\/2025\/11\/Guia-das-Assembleias.png\",\"contentUrl\":\"https:\/\/carlotas.org\/bra\/wp-content\/uploads\/2025\/11\/Guia-das-Assembleias.png\",\"width\":1250,\"height\":595,\"caption\":\"Guia das Assembleias Escolares: Fortalecendo o Di\u00e1logo e a Conviv\u00eancia nas Escolas\"},{\"@type\":\"BreadcrumbList\",\"@id\":\"https:\/\/carlotas.org\/bra\/guia-das-assembleias-um-caminho-de-encontro-para-a-convivencia-escolar\/#breadcrumb\",\"itemListElement\":[{\"@type\":\"ListItem\",\"position\":1,\"name\":\"In\u00edcio\",\"item\":\"https:\/\/carlotas.org\/bra\/\"},{\"@type\":\"ListItem\",\"position\":2,\"name\":\"Guia das Assembleias: Um Caminho de Encontro para a Conviv\u00eancia Escolar\"}]},{\"@type\":\"WebSite\",\"@id\":\"https:\/\/carlotas.org\/bra\/#website\",\"url\":\"https:\/\/carlotas.org\/bra\/\",\"name\":\"Carlotas\",\"description\":\"A pot\u00eancia da empatia e A for\u00e7a da diversidade\",\"publisher\":{\"@id\":\"https:\/\/carlotas.org\/bra\/#organization\"},\"potentialAction\":[{\"@type\":\"SearchAction\",\"target\":{\"@type\":\"EntryPoint\",\"urlTemplate\":\"https:\/\/carlotas.org\/bra\/?s={search_term_string}\"},\"query-input\":{\"@type\":\"PropertyValueSpecification\",\"valueRequired\":true,\"valueName\":\"search_term_string\"}}],\"inLanguage\":\"pt-BR\"},{\"@type\":\"Organization\",\"@id\":\"https:\/\/carlotas.org\/bra\/#organization\",\"name\":\"Carlotas\",\"url\":\"https:\/\/carlotas.org\/bra\/\",\"logo\":{\"@type\":\"ImageObject\",\"inLanguage\":\"pt-BR\",\"@id\":\"https:\/\/carlotas.org\/bra\/#\/schema\/logo\/image\/\",\"url\":\"https:\/\/carlotas.org\/bra\/wp-content\/uploads\/2022\/11\/carlotas_logo.png\",\"contentUrl\":\"https:\/\/carlotas.org\/bra\/wp-content\/uploads\/2022\/11\/carlotas_logo.png\",\"width\":288,\"height\":47,\"caption\":\"Carlotas\"},\"image\":{\"@id\":\"https:\/\/carlotas.org\/bra\/#\/schema\/logo\/image\/\"},\"sameAs\":[\"https:\/\/www.facebook.com\/carlotasworld\",\"https:\/\/www.linkedin.com\/company\/3712330\/\",\"https:\/\/www.youtube.com\/channel\/UCkW318Qeld92l3fns2P87lA\",\"https:\/\/open.spotify.com\/show\/2PMlthYIkYi0uSvvBAYGKP\"]},{\"@type\":\"Person\",\"@id\":\"https:\/\/carlotas.org\/bra\/#\/schema\/person\/43f8e8ba5b2b5fc11160449e05709465\",\"name\":\"Fernanda Martins Gutierrez\",\"image\":{\"@type\":\"ImageObject\",\"inLanguage\":\"pt-BR\",\"@id\":\"https:\/\/carlotas.org\/bra\/wp-content\/uploads\/2022\/12\/cropped-52fernandam-96x96.png\",\"url\":\"https:\/\/carlotas.org\/bra\/wp-content\/uploads\/2022\/12\/cropped-52fernandam-96x96.png\",\"contentUrl\":\"https:\/\/carlotas.org\/bra\/wp-content\/uploads\/2022\/12\/cropped-52fernandam-96x96.png\",\"caption\":\"Fernanda Martins Gutierrez\"},\"description\":\"Nasci em Curitiba e vim para S\u00e3o Paulo com poucos meses de vida. Atualmente divido a calmaria do campo com a agita\u00e7\u00e3o da cidade. Sou advogada de forma\u00e7\u00e3o, entretanto, nunca me encaixei na advocacia litigante ensinada pelas faculdades. Fui para o campo da Justi\u00e7a restaurativa e media\u00e7\u00e3o de conflitos. Como consequ\u00eancia desses dois trabalhos, me formei em psican\u00e1lise. Trabalho em Carlotas com pessoas incr\u00edveis acolhendo as escolas e apoiando o jornal.\"}]}<\/script>\n<!-- \/ Yoast SEO plugin. -->","yoast_head_json":{"title":"Guia das Assembleias: Um Caminho de Encontro para a Conviv\u00eancia Escolar - Carlotas","description":"O novo Guia das Assembleias do Programa Explore Carlotas apresenta uma proposta pr\u00e1tica e transformadora para promover a escuta, a participa\u00e7\u00e3o e o di\u00e1logo no cotidiano escolar. Baixe agora!","robots":{"index":"index","follow":"follow","max-snippet":"max-snippet:-1","max-image-preview":"max-image-preview:large","max-video-preview":"max-video-preview:-1"},"canonical":"https:\/\/carlotas.org\/bra\/guia-das-assembleias-um-caminho-de-encontro-para-a-convivencia-escolar\/","og_locale":"pt_BR","og_type":"article","og_title":"Guia das Assembleias: Um Caminho de Encontro para a Conviv\u00eancia Escolar - Carlotas","og_description":"O novo Guia das Assembleias do Programa Explore Carlotas apresenta uma proposta pr\u00e1tica e transformadora para promover a escuta, a participa\u00e7\u00e3o e o di\u00e1logo no cotidiano escolar. Baixe agora!","og_url":"https:\/\/carlotas.org\/bra\/guia-das-assembleias-um-caminho-de-encontro-para-a-convivencia-escolar\/","og_site_name":"Carlotas","article_publisher":"https:\/\/www.facebook.com\/carlotasworld","article_published_time":"2026-04-06T00:00:09+00:00","article_modified_time":"2026-04-07T19:52:39+00:00","og_image":[{"width":1250,"height":595,"url":"https:\/\/carlotas.org\/bra\/wp-content\/uploads\/2025\/11\/Guia-das-Assembleias.png","type":"image\/png"}],"author":"Fernanda Martins Gutierrez","twitter_card":"summary_large_image","twitter_misc":{"Escrito por":"Fernanda Martins Gutierrez","Est. tempo de leitura":"2 minutos"},"schema":{"@context":"https:\/\/schema.org","@graph":[{"@type":"Article","@id":"https:\/\/carlotas.org\/bra\/guia-das-assembleias-um-caminho-de-encontro-para-a-convivencia-escolar\/#article","isPartOf":{"@id":"https:\/\/carlotas.org\/bra\/guia-das-assembleias-um-caminho-de-encontro-para-a-convivencia-escolar\/"},"author":{"name":"Fernanda Martins Gutierrez","@id":"https:\/\/carlotas.org\/bra\/#\/schema\/person\/43f8e8ba5b2b5fc11160449e05709465"},"headline":"Guia das Assembleias: Um Caminho de Encontro para a Conviv\u00eancia Escolar","datePublished":"2026-04-06T00:00:09+00:00","dateModified":"2026-04-07T19:52:39+00:00","mainEntityOfPage":{"@id":"https:\/\/carlotas.org\/bra\/guia-das-assembleias-um-caminho-de-encontro-para-a-convivencia-escolar\/"},"wordCount":261,"publisher":{"@id":"https:\/\/carlotas.org\/bra\/#organization"},"image":{"@id":"https:\/\/carlotas.org\/bra\/guia-das-assembleias-um-caminho-de-encontro-para-a-convivencia-escolar\/#primaryimage"},"thumbnailUrl":"https:\/\/carlotas.org\/bra\/wp-content\/uploads\/2025\/11\/Guia-das-Assembleias.png","keywords":["Educa\u00e7\u00e3o","Fernanda Gutierrez","Guias e Materiais","Refer\u00eancias"],"articleSection":["Refer\u00eancias"],"inLanguage":"pt-BR"},{"@type":"WebPage","@id":"https:\/\/carlotas.org\/bra\/guia-das-assembleias-um-caminho-de-encontro-para-a-convivencia-escolar\/","url":"https:\/\/carlotas.org\/bra\/guia-das-assembleias-um-caminho-de-encontro-para-a-convivencia-escolar\/","name":"Guia das Assembleias: Um Caminho de Encontro para a Conviv\u00eancia Escolar - Carlotas","isPartOf":{"@id":"https:\/\/carlotas.org\/bra\/#website"},"primaryImageOfPage":{"@id":"https:\/\/carlotas.org\/bra\/guia-das-assembleias-um-caminho-de-encontro-para-a-convivencia-escolar\/#primaryimage"},"image":{"@id":"https:\/\/carlotas.org\/bra\/guia-das-assembleias-um-caminho-de-encontro-para-a-convivencia-escolar\/#primaryimage"},"thumbnailUrl":"https:\/\/carlotas.org\/bra\/wp-content\/uploads\/2025\/11\/Guia-das-Assembleias.png","datePublished":"2026-04-06T00:00:09+00:00","dateModified":"2026-04-07T19:52:39+00:00","description":"O novo Guia das Assembleias do Programa Explore Carlotas apresenta uma proposta pr\u00e1tica e transformadora para promover a escuta, a participa\u00e7\u00e3o e o di\u00e1logo no cotidiano escolar. Baixe agora!","breadcrumb":{"@id":"https:\/\/carlotas.org\/bra\/guia-das-assembleias-um-caminho-de-encontro-para-a-convivencia-escolar\/#breadcrumb"},"inLanguage":"pt-BR","potentialAction":[{"@type":"ReadAction","target":["https:\/\/carlotas.org\/bra\/guia-das-assembleias-um-caminho-de-encontro-para-a-convivencia-escolar\/"]}]},{"@type":"ImageObject","inLanguage":"pt-BR","@id":"https:\/\/carlotas.org\/bra\/guia-das-assembleias-um-caminho-de-encontro-para-a-convivencia-escolar\/#primaryimage","url":"https:\/\/carlotas.org\/bra\/wp-content\/uploads\/2025\/11\/Guia-das-Assembleias.png","contentUrl":"https:\/\/carlotas.org\/bra\/wp-content\/uploads\/2025\/11\/Guia-das-Assembleias.png","width":1250,"height":595,"caption":"Guia das Assembleias Escolares: Fortalecendo o Di\u00e1logo e a Conviv\u00eancia nas Escolas"},{"@type":"BreadcrumbList","@id":"https:\/\/carlotas.org\/bra\/guia-das-assembleias-um-caminho-de-encontro-para-a-convivencia-escolar\/#breadcrumb","itemListElement":[{"@type":"ListItem","position":1,"name":"In\u00edcio","item":"https:\/\/carlotas.org\/bra\/"},{"@type":"ListItem","position":2,"name":"Guia das Assembleias: Um Caminho de Encontro para a Conviv\u00eancia Escolar"}]},{"@type":"WebSite","@id":"https:\/\/carlotas.org\/bra\/#website","url":"https:\/\/carlotas.org\/bra\/","name":"Carlotas","description":"A pot\u00eancia da empatia e A for\u00e7a da diversidade","publisher":{"@id":"https:\/\/carlotas.org\/bra\/#organization"},"potentialAction":[{"@type":"SearchAction","target":{"@type":"EntryPoint","urlTemplate":"https:\/\/carlotas.org\/bra\/?s={search_term_string}"},"query-input":{"@type":"PropertyValueSpecification","valueRequired":true,"valueName":"search_term_string"}}],"inLanguage":"pt-BR"},{"@type":"Organization","@id":"https:\/\/carlotas.org\/bra\/#organization","name":"Carlotas","url":"https:\/\/carlotas.org\/bra\/","logo":{"@type":"ImageObject","inLanguage":"pt-BR","@id":"https:\/\/carlotas.org\/bra\/#\/schema\/logo\/image\/","url":"https:\/\/carlotas.org\/bra\/wp-content\/uploads\/2022\/11\/carlotas_logo.png","contentUrl":"https:\/\/carlotas.org\/bra\/wp-content\/uploads\/2022\/11\/carlotas_logo.png","width":288,"height":47,"caption":"Carlotas"},"image":{"@id":"https:\/\/carlotas.org\/bra\/#\/schema\/logo\/image\/"},"sameAs":["https:\/\/www.facebook.com\/carlotasworld","https:\/\/www.linkedin.com\/company\/3712330\/","https:\/\/www.youtube.com\/channel\/UCkW318Qeld92l3fns2P87lA","https:\/\/open.spotify.com\/show\/2PMlthYIkYi0uSvvBAYGKP"]},{"@type":"Person","@id":"https:\/\/carlotas.org\/bra\/#\/schema\/person\/43f8e8ba5b2b5fc11160449e05709465","name":"Fernanda Martins Gutierrez","image":{"@type":"ImageObject","inLanguage":"pt-BR","@id":"https:\/\/carlotas.org\/bra\/wp-content\/uploads\/2022\/12\/cropped-52fernandam-96x96.png","url":"https:\/\/carlotas.org\/bra\/wp-content\/uploads\/2022\/12\/cropped-52fernandam-96x96.png","contentUrl":"https:\/\/carlotas.org\/bra\/wp-content\/uploads\/2022\/12\/cropped-52fernandam-96x96.png","caption":"Fernanda Martins Gutierrez"},"description":"Nasci em Curitiba e vim para S\u00e3o Paulo com poucos meses de vida. Atualmente divido a calmaria do campo com a agita\u00e7\u00e3o da cidade. Sou advogada de forma\u00e7\u00e3o, entretanto, nunca me encaixei na advocacia litigante ensinada pelas faculdades. Fui para o campo da Justi\u00e7a restaurativa e media\u00e7\u00e3o de conflitos. Como consequ\u00eancia desses dois trabalhos, me formei em psican\u00e1lise. Trabalho em Carlotas com pessoas incr\u00edveis acolhendo as escolas e apoiando o jornal."}]}},"_links":{"self":[{"href":"https:\/\/carlotas.org\/bra\/wp-json\/wp\/v2\/posts\/9170","targetHints":{"allow":["GET"]}}],"collection":[{"href":"https:\/\/carlotas.org\/bra\/wp-json\/wp\/v2\/posts"}],"about":[{"href":"https:\/\/carlotas.org\/bra\/wp-json\/wp\/v2\/types\/post"}],"author":[{"embeddable":true,"href":"https:\/\/carlotas.org\/bra\/wp-json\/wp\/v2\/users\/7"}],"replies":[{"embeddable":true,"href":"https:\/\/carlotas.org\/bra\/wp-json\/wp\/v2\/comments?post=9170"}],"version-history":[{"count":7,"href":"https:\/\/carlotas.org\/bra\/wp-json\/wp\/v2\/posts\/9170\/revisions"}],"predecessor-version":[{"id":9733,"href":"https:\/\/carlotas.org\/bra\/wp-json\/wp\/v2\/posts\/9170\/revisions\/9733"}],"wp:featuredmedia":[{"embeddable":true,"href":"https:\/\/carlotas.org\/bra\/wp-json\/wp\/v2\/media\/9173"}],"wp:attachment":[{"href":"https:\/\/carlotas.org\/bra\/wp-json\/wp\/v2\/media?parent=9170"}],"wp:term":[{"taxonomy":"category","embeddable":true,"href":"https:\/\/carlotas.org\/bra\/wp-json\/wp\/v2\/categories?post=9170"},{"taxonomy":"post_tag","embeddable":true,"href":"https:\/\/carlotas.org\/bra\/wp-json\/wp\/v2\/tags?post=9170"}],"curies":[{"name":"wp","href":"https:\/\/api.w.org\/{rel}","templated":true}]}}